{"id":1107,"date":"2020-06-12T14:52:03","date_gmt":"2020-06-12T12:52:03","guid":{"rendered":"http:\/\/caritas.elblag.pl\/?p=1107"},"modified":"2020-07-12T22:12:34","modified_gmt":"2020-07-12T20:12:34","slug":"oferta-wypoczynku-letniego-2020-w-caritas-diecezji-elblaskiej-w-mikoszewie","status":"publish","type":"post","link":"http:\/\/caritas.elblag.pl\/?p=1107","title":{"rendered":"OFERTA WYPOCZYNKU LETNIEGO 2020 w Caritas Diecezji Elbl\u0105skiej w Mikoszewie"},"content":{"rendered":"<h2>OFERTA WYPOCZYNKU LETNIEGO 2020 w Caritas Diecezji Elbl\u0105skiej O\u015brodek Kolonijno-Formacyjny w Mikoszewie, ul. Wi\u015blana 20, 80-103 Stegna<\/h2>\n<p>W zwi\u0105zku, \u017ce nie organizujemy kolonii letnich dla dzieci promujemy <strong>wypoczynek dla RODZIN.<\/strong><\/p>\n<h3><strong>Po\u0142o\u017cenie:<\/strong> przy uj\u015bciu Wis\u0142y, 20 minut spaceru lasem do morza ze strze\u017con\u0105 pla\u017c\u0105. W bezpo\u015brednim s\u0105siedztwie znajduje si\u0119 basen. Teren O\u015brodka jest ogrodzony i o\u015bwietlony.<\/h3>\n<h3><strong>Pobliskie atrakcje:<\/strong> kolejka w\u0105skotorowa (trasa prawy brzeg Wis\u0142y-Sztutowo), strusia ferma, przeja\u017cd\u017cki konne, Muzeum Bursztynu, Muzeum w Sztutowie, przeprawa promowa przez Wis\u0142\u0119, zwiedzanie Tr\u00f3jmiasta z jego atrakcjami, Centrum Edukacji i Promocji Regionu w Szymbarku.<\/h3>\n<p>O\u015brodek dysponuje miejscami noclegowymi <strong>w domkach 4, 6 i 8-o osobowych z toaletami, prysznicem oraz aneksem kuchennym. Dodatkowo mo\u017cliwo\u015b\u0107 wynaj\u0119cia pokoju trzyosobowego.<\/strong><\/p>\n<h3>Na terenie o\u015brodka jest \u00a0plac zabaw dla dzieci tzw. \u201ema\u0142pi gaj\u201d, boisko do siatk\u00f3wki i koszyk\u00f3wki, wydzielone miejsce na ognisko i grilla.<br \/>\n<strong>Koszt noclegu: 40,00 z\u0142<br \/>\n<\/strong><\/h3>\n<h3><strong>Telefon kontaktowy: 784-946-897<\/strong><\/h3>\n<p>&nbsp;<\/p>\n<h1><strong>ZAPRASZAMY<\/strong><\/h1>\n<p><a href=\"http:\/\/caritas.elblag.pl\/wp-content\/uploads\/2020\/06\/DSC01609.jpg\"><img loading=\"lazy\" decoding=\"async\" class=\"alignnone size-large wp-image-1126\" src=\"http:\/\/caritas.elblag.pl\/wp-content\/uploads\/2020\/06\/DSC01609-1024x768.jpg\" alt=\"\" width=\"747\" height=\"560\" srcset=\"http:\/\/caritas.elblag.pl\/wp-content\/uploads\/2020\/06\/DSC01609-1024x768.jpg 1024w, http:\/\/caritas.elblag.pl\/wp-content\/uploads\/2020\/06\/DSC01609-300x225.jpg 300w, http:\/\/caritas.elblag.pl\/wp-content\/uploads\/2020\/06\/DSC01609-768x576.jpg 768w\" sizes=\"auto, (max-width: 747px) 100vw, 747px\" \/><\/a> <a href=\"http:\/\/caritas.elblag.pl\/wp-content\/uploads\/2020\/06\/DSC01608.jpg\"><img loading=\"lazy\" decoding=\"async\" class=\"alignnone size-large wp-image-1127\" src=\"http:\/\/caritas.elblag.pl\/wp-content\/uploads\/2020\/06\/DSC01608-1024x768.jpg\" alt=\"\" width=\"747\" height=\"560\" srcset=\"http:\/\/caritas.elblag.pl\/wp-content\/uploads\/2020\/06\/DSC01608-1024x768.jpg 1024w, http:\/\/caritas.elblag.pl\/wp-content\/uploads\/2020\/06\/DSC01608-300x225.jpg 300w, http:\/\/caritas.elblag.pl\/wp-content\/uploads\/2020\/06\/DSC01608-768x576.jpg 768w\" sizes=\"auto, (max-width: 747px) 100vw, 747px\" \/><\/a> <a href=\"http:\/\/caritas.elblag.pl\/wp-content\/uploads\/2020\/06\/DSC01596.jpg\"><img loading=\"lazy\" decoding=\"async\" class=\"alignnone size-large wp-image-1128\" src=\"http:\/\/caritas.elblag.pl\/wp-content\/uploads\/2020\/06\/DSC01596-1024x768.jpg\" alt=\"\" width=\"747\" height=\"560\" srcset=\"http:\/\/caritas.elblag.pl\/wp-content\/uploads\/2020\/06\/DSC01596-1024x768.jpg 1024w, http:\/\/caritas.elblag.pl\/wp-content\/uploads\/2020\/06\/DSC01596-300x225.jpg 300w, http:\/\/caritas.elblag.pl\/wp-content\/uploads\/2020\/06\/DSC01596-768x576.jpg 768w\" sizes=\"auto, (max-width: 747px) 100vw, 747px\" \/><\/a> <a href=\"http:\/\/caritas.elblag.pl\/wp-content\/uploads\/2020\/06\/DSC01587.jpg\"><img loading=\"lazy\" decoding=\"async\" class=\"alignnone size-large wp-image-1129\" src=\"http:\/\/caritas.elblag.pl\/wp-content\/uploads\/2020\/06\/DSC01587-1024x768.jpg\" alt=\"\" width=\"747\" height=\"560\" srcset=\"http:\/\/caritas.elblag.pl\/wp-content\/uploads\/2020\/06\/DSC01587-1024x768.jpg 1024w, http:\/\/caritas.elblag.pl\/wp-content\/uploads\/2020\/06\/DSC01587-300x225.jpg 300w, http:\/\/caritas.elblag.pl\/wp-content\/uploads\/2020\/06\/DSC01587-768x576.jpg 768w\" sizes=\"auto, (max-width: 747px) 100vw, 747px\" \/><\/a> <a href=\"http:\/\/caritas.elblag.pl\/wp-content\/uploads\/2020\/06\/DSC01603.jpg\"><img loading=\"lazy\" decoding=\"async\" class=\"alignnone size-large wp-image-1130\" src=\"http:\/\/caritas.elblag.pl\/wp-content\/uploads\/2020\/06\/DSC01603-1024x768.jpg\" alt=\"\" width=\"747\" height=\"560\" srcset=\"http:\/\/caritas.elblag.pl\/wp-content\/uploads\/2020\/06\/DSC01603-1024x768.jpg 1024w, http:\/\/caritas.elblag.pl\/wp-content\/uploads\/2020\/06\/DSC01603-300x225.jpg 300w, http:\/\/caritas.elblag.pl\/wp-content\/uploads\/2020\/06\/DSC01603-768x576.jpg 768w\" sizes=\"auto, (max-width: 747px) 100vw, 747px\" \/><\/a> <a href=\"http:\/\/caritas.elblag.pl\/wp-content\/uploads\/2020\/06\/DSC01613.jpg\"><img loading=\"lazy\" decoding=\"async\" class=\"alignnone size-large wp-image-1131\" src=\"http:\/\/caritas.elblag.pl\/wp-content\/uploads\/2020\/06\/DSC01613-1024x768.jpg\" alt=\"\" width=\"747\" height=\"560\" srcset=\"http:\/\/caritas.elblag.pl\/wp-content\/uploads\/2020\/06\/DSC01613-1024x768.jpg 1024w, http:\/\/caritas.elblag.pl\/wp-content\/uploads\/2020\/06\/DSC01613-300x225.jpg 300w, http:\/\/caritas.elblag.pl\/wp-content\/uploads\/2020\/06\/DSC01613-768x576.jpg 768w\" sizes=\"auto, (max-width: 747px) 100vw, 747px\" \/><\/a> <a href=\"http:\/\/caritas.elblag.pl\/wp-content\/uploads\/2020\/06\/DSC01593.jpg\"><img loading=\"lazy\" decoding=\"async\" class=\"alignnone size-large wp-image-1132\" src=\"http:\/\/caritas.elblag.pl\/wp-content\/uploads\/2020\/06\/DSC01593-1024x768.jpg\" alt=\"\" width=\"747\" height=\"560\" srcset=\"http:\/\/caritas.elblag.pl\/wp-content\/uploads\/2020\/06\/DSC01593-1024x768.jpg 1024w, http:\/\/caritas.elblag.pl\/wp-content\/uploads\/2020\/06\/DSC01593-300x225.jpg 300w, http:\/\/caritas.elblag.pl\/wp-content\/uploads\/2020\/06\/DSC01593-768x576.jpg 768w\" sizes=\"auto, (max-width: 747px) 100vw, 747px\" \/><\/a> <a href=\"http:\/\/caritas.elblag.pl\/wp-content\/uploads\/2020\/06\/DSC01589.jpg\"><img loading=\"lazy\" decoding=\"async\" class=\"alignnone size-large wp-image-1133\" src=\"http:\/\/caritas.elblag.pl\/wp-content\/uploads\/2020\/06\/DSC01589-1024x768.jpg\" alt=\"\" width=\"747\" height=\"560\" srcset=\"http:\/\/caritas.elblag.pl\/wp-content\/uploads\/2020\/06\/DSC01589-1024x768.jpg 1024w, http:\/\/caritas.elblag.pl\/wp-content\/uploads\/2020\/06\/DSC01589-300x225.jpg 300w, http:\/\/caritas.elblag.pl\/wp-content\/uploads\/2020\/06\/DSC01589-768x576.jpg 768w\" sizes=\"auto, (max-width: 747px) 100vw, 747px\" \/><\/a> <a href=\"http:\/\/caritas.elblag.pl\/wp-content\/uploads\/2020\/06\/DSC01601.jpg\"><img loading=\"lazy\" decoding=\"async\" class=\"alignnone size-large wp-image-1134\" src=\"http:\/\/caritas.elblag.pl\/wp-content\/uploads\/2020\/06\/DSC01601-1024x768.jpg\" alt=\"\" width=\"747\" height=\"560\" srcset=\"http:\/\/caritas.elblag.pl\/wp-content\/uploads\/2020\/06\/DSC01601-1024x768.jpg 1024w, http:\/\/caritas.elblag.pl\/wp-content\/uploads\/2020\/06\/DSC01601-300x225.jpg 300w, http:\/\/caritas.elblag.pl\/wp-content\/uploads\/2020\/06\/DSC01601-768x576.jpg 768w\" sizes=\"auto, (max-width: 747px) 100vw, 747px\" \/><\/a> <a href=\"http:\/\/caritas.elblag.pl\/wp-content\/uploads\/2020\/06\/DSC01610.jpg\"><img loading=\"lazy\" decoding=\"async\" class=\"alignnone size-large wp-image-1135\" src=\"http:\/\/caritas.elblag.pl\/wp-content\/uploads\/2020\/06\/DSC01610-1024x768.jpg\" alt=\"\" width=\"747\" height=\"560\" srcset=\"http:\/\/caritas.elblag.pl\/wp-content\/uploads\/2020\/06\/DSC01610-1024x768.jpg 1024w, http:\/\/caritas.elblag.pl\/wp-content\/uploads\/2020\/06\/DSC01610-300x225.jpg 300w, http:\/\/caritas.elblag.pl\/wp-content\/uploads\/2020\/06\/DSC01610-768x576.jpg 768w\" sizes=\"auto, (max-width: 747px) 100vw, 747px\" \/><\/a><\/p>\n<p>zobacz wi\u0119cej zdj\u0119\u0107 z wakacji dzieci w 2019r. w prawym panelu bocznym &#8220;Wakacje w Mikoszewie&#8221;.<\/p>\n","protected":false},"excerpt":{"rendered":"OFERTA WYPOCZYNKU LETNIEGO 2020 w Caritas Diecezji Elbl\u0105skiej O\u015brodek Kolonijno-Formacyjny w Mikoszewie, ul. Wi\u015blana 20, 80-103 Stegna W zwi\u0105zku, \u017ce nie organizujemy kolonii \n<a class=\"moretag\" href=\"http:\/\/caritas.elblag.pl\/?p=1107\"> [...]<\/a>","protected":false},"author":1,"featured_media":840,"comment_status":"closed","ping_status":"closed","sticky":false,"template":"","format":"standard","meta":{"_exactmetrics_skip_tracking":false,"_exactmetrics_sitenote_active":false,"_exactmetrics_sitenote_note":"","_exactmetrics_sitenote_category":0,"footnotes":""},"categories":[6,33,24,35,8,7],"tags":[],"class_list":["post-1107","post","type-post","status-publish","format-standard","has-post-thumbnail","hentry","category-aktualnosci","category-dzialalnosc","category-polecane","category-wakacje","category-wolontariat","category-zycie-kosciola"],"_links":{"self":[{"href":"http:\/\/caritas.elblag.pl\/index.php?rest_route=\/wp\/v2\/posts\/1107","targetHints":{"allow":["GET"]}}],"collection":[{"href":"http:\/\/caritas.elblag.pl\/index.php?rest_route=\/wp\/v2\/posts"}],"about":[{"href":"http:\/\/caritas.elblag.pl\/index.php?rest_route=\/wp\/v2\/types\/post"}],"author":[{"embeddable":true,"href":"http:\/\/caritas.elblag.pl\/index.php?rest_route=\/wp\/v2\/users\/1"}],"replies":[{"embeddable":true,"href":"http:\/\/caritas.elblag.pl\/index.php?rest_route=%2Fwp%2Fv2%2Fcomments&post=1107"}],"version-history":[{"count":10,"href":"http:\/\/caritas.elblag.pl\/index.php?rest_route=\/wp\/v2\/posts\/1107\/revisions"}],"predecessor-version":[{"id":1142,"href":"http:\/\/caritas.elblag.pl\/index.php?rest_route=\/wp\/v2\/posts\/1107\/revisions\/1142"}],"wp:featuredmedia":[{"embeddable":true,"href":"http:\/\/caritas.elblag.pl\/index.php?rest_route=\/wp\/v2\/media\/840"}],"wp:attachment":[{"href":"http:\/\/caritas.elblag.pl\/index.php?rest_route=%2Fwp%2Fv2%2Fmedia&parent=1107"}],"wp:term":[{"taxonomy":"category","embeddable":true,"href":"http:\/\/caritas.elblag.pl\/index.php?rest_route=%2Fwp%2Fv2%2Fcategories&post=1107"},{"taxonomy":"post_tag","embeddable":true,"href":"http:\/\/caritas.elblag.pl\/index.php?rest_route=%2Fwp%2Fv2%2Ftags&post=1107"}],"curies":[{"name":"wp","href":"https:\/\/api.w.org\/{rel}","templated":true}]}}