{"id":1144,"date":"2020-08-14T21:55:24","date_gmt":"2020-08-14T19:55:24","guid":{"rendered":"http:\/\/caritas.elblag.pl\/?p=1144"},"modified":"2020-08-14T22:01:00","modified_gmt":"2020-08-14T20:01:00","slug":"caritas-na-pomoc-bejrutowi","status":"publish","type":"post","link":"http:\/\/caritas.elblag.pl\/?p=1144","title":{"rendered":"16.08 Dzie\u0144 Solidarno\u015bci z mieszka\u0144cami Bejrutu"},"content":{"rendered":"<p><a href=\"http:\/\/caritas.elblag.pl\/wp-content\/uploads\/2020\/08\/4.bejrut01.jpg\"><img loading=\"lazy\" decoding=\"async\" class=\"wp-image-1145 aligncenter\" src=\"http:\/\/caritas.elblag.pl\/wp-content\/uploads\/2020\/08\/4.bejrut01-1024x768.jpg\" alt=\"\" width=\"615\" height=\"461\" srcset=\"http:\/\/caritas.elblag.pl\/wp-content\/uploads\/2020\/08\/4.bejrut01-1024x768.jpg 1024w, http:\/\/caritas.elblag.pl\/wp-content\/uploads\/2020\/08\/4.bejrut01-300x225.jpg 300w, http:\/\/caritas.elblag.pl\/wp-content\/uploads\/2020\/08\/4.bejrut01-768x576.jpg 768w\" sizes=\"auto, (max-width: 615px) 100vw, 615px\" \/><\/a><\/p>\n<h2>Decyzj\u0105 Ks. Biskupa Elbl\u0105skiego Jacka Jezierskiego jak zawsze w takich sytuacjach ofiary do puszek z dnia 16.08.2020r. maj\u0105 by\u0107 wp\u0142acane do kasy Caritas Diecezji Elbl\u0105skiej (poniedzia\u0142ek-pi\u0105tek w godzinach 8.00-15.00 lub na konto <strong>PKO SA 77 1240 2265 1111 0010 7446 3553.<\/strong><\/h2>\n<h2>Dodatkowo mo\u017cna wspom\u00f3c akcj\u0119 wysy\u0142aj\u0105c do Caritas Polska SMS o tre\u015bci Bejrut pod numer 72052 (koszt 2,46 z\u0142).<\/h2>\n<p><a href=\"http:\/\/caritas.elblag.pl\/wp-content\/uploads\/2020\/08\/apel_bp.jpg\"><img loading=\"lazy\" decoding=\"async\" class=\"wp-image-1146 aligncenter\" src=\"http:\/\/caritas.elblag.pl\/wp-content\/uploads\/2020\/08\/apel_bp.jpg\" alt=\"\" width=\"749\" height=\"1062\" srcset=\"http:\/\/caritas.elblag.pl\/wp-content\/uploads\/2020\/08\/apel_bp.jpg 644w, http:\/\/caritas.elblag.pl\/wp-content\/uploads\/2020\/08\/apel_bp-212x300.jpg 212w\" sizes=\"auto, (max-width: 749px) 100vw, 749px\" \/><\/a><\/p>\n<p><a href=\"http:\/\/caritas.elblag.pl\/wp-content\/uploads\/2020\/08\/5.bejrut02.jpg\"><img loading=\"lazy\" decoding=\"async\" class=\" wp-image-1147 aligncenter\" src=\"http:\/\/caritas.elblag.pl\/wp-content\/uploads\/2020\/08\/5.bejrut02-1024x768.jpg\" alt=\"\" width=\"642\" height=\"481\" srcset=\"http:\/\/caritas.elblag.pl\/wp-content\/uploads\/2020\/08\/5.bejrut02-1024x768.jpg 1024w, http:\/\/caritas.elblag.pl\/wp-content\/uploads\/2020\/08\/5.bejrut02-300x225.jpg 300w, http:\/\/caritas.elblag.pl\/wp-content\/uploads\/2020\/08\/5.bejrut02-768x576.jpg 768w\" sizes=\"auto, (max-width: 642px) 100vw, 642px\" \/><\/a><\/p>\n<p>&nbsp;<\/p>\n","protected":false},"excerpt":{"rendered":"Decyzj\u0105 Ks. Biskupa Elbl\u0105skiego Jacka Jezierskiego jak zawsze w takich sytuacjach ofiary do puszek z dnia 16.08.2020r. maj\u0105 by\u0107 wp\u0142acane do kasy Caritas \n<a class=\"moretag\" href=\"http:\/\/caritas.elblag.pl\/?p=1144\"> [...]<\/a>","protected":false},"author":1,"featured_media":1148,"comment_status":"closed","ping_status":"closed","sticky":false,"template":"","format":"standard","meta":{"_exactmetrics_skip_tracking":false,"_exactmetrics_sitenote_active":false,"_exactmetrics_sitenote_note":"","_exactmetrics_sitenote_category":0,"footnotes":""},"categories":[6,24,8,7],"tags":[],"class_list":["post-1144","post","type-post","status-publish","format-standard","has-post-thumbnail","hentry","category-aktualnosci","category-polecane","category-wolontariat","category-zycie-kosciola"],"_links":{"self":[{"href":"http:\/\/caritas.elblag.pl\/index.php?rest_route=\/wp\/v2\/posts\/1144","targetHints":{"allow":["GET"]}}],"collection":[{"href":"http:\/\/caritas.elblag.pl\/index.php?rest_route=\/wp\/v2\/posts"}],"about":[{"href":"http:\/\/caritas.elblag.pl\/index.php?rest_route=\/wp\/v2\/types\/post"}],"author":[{"embeddable":true,"href":"http:\/\/caritas.elblag.pl\/index.php?rest_route=\/wp\/v2\/users\/1"}],"replies":[{"embeddable":true,"href":"http:\/\/caritas.elblag.pl\/index.php?rest_route=%2Fwp%2Fv2%2Fcomments&post=1144"}],"version-history":[{"count":3,"href":"http:\/\/caritas.elblag.pl\/index.php?rest_route=\/wp\/v2\/posts\/1144\/revisions"}],"predecessor-version":[{"id":1151,"href":"http:\/\/caritas.elblag.pl\/index.php?rest_route=\/wp\/v2\/posts\/1144\/revisions\/1151"}],"wp:featuredmedia":[{"embeddable":true,"href":"http:\/\/caritas.elblag.pl\/index.php?rest_route=\/wp\/v2\/media\/1148"}],"wp:attachment":[{"href":"http:\/\/caritas.elblag.pl\/index.php?rest_route=%2Fwp%2Fv2%2Fmedia&parent=1144"}],"wp:term":[{"taxonomy":"category","embeddable":true,"href":"http:\/\/caritas.elblag.pl\/index.php?rest_route=%2Fwp%2Fv2%2Fcategories&post=1144"},{"taxonomy":"post_tag","embeddable":true,"href":"http:\/\/caritas.elblag.pl\/index.php?rest_route=%2Fwp%2Fv2%2Ftags&post=1144"}],"curies":[{"name":"wp","href":"https:\/\/api.w.org\/{rel}","templated":true}]}}