{"id":1153,"date":"2020-09-16T15:43:46","date_gmt":"2020-09-16T13:43:46","guid":{"rendered":"http:\/\/caritas.elblag.pl\/?p=1153"},"modified":"2020-09-16T15:43:46","modified_gmt":"2020-09-16T13:43:46","slug":"zadanie-publiczne-caritas-aktywnosc-seniora-60","status":"publish","type":"post","link":"http:\/\/caritas.elblag.pl\/?p=1153","title":{"rendered":"Zadanie publiczne Caritas \u201eAktywno\u015b\u0107 seniora 60+\u201d"},"content":{"rendered":"<h3>Caritas Diecezji Elbl\u0105skiej realizuje zadanie publiczne pod tytu\u0142em:<\/h3>\n<p><strong>Aktywizacja i przeciwdzia\u0142anie marginalizacji os\u00f3b starszych \u2013 \u201eAktywno\u015b\u0107 seniora 60+\u201d<\/strong><\/p>\n<p>Klub Seniora przy Caritas Diecezji Elbl\u0105skiej dzia\u0142a przez ca\u0142y rok i podejmuje dzia\u0142ania zmierzaj\u0105ce do poprawy jako\u015bci ich \u017cycia poprzez umo\u017cliwienie rozwoju zainteresowa\u0144, organizacj\u0119 zaj\u0119\u0107 edukacyjno \u2013 kulturalnych i sportowo \u2013 rekreacyjnych w miejscu zamieszkania.<\/p>\n<h3><strong>Zadanie realizowane jest przy wsp\u00f3\u0142udziale finansowym Warmi\u0144sko \u2013 Mazurskiego Urz\u0119du Wojew\u00f3dzkiego w Olsztynie<\/strong><\/h3>\n<p><a href=\"http:\/\/caritas.elblag.pl\/wp-content\/uploads\/2020\/09\/wojewoda1.jpg\"><img loading=\"lazy\" decoding=\"async\" class=\" wp-image-1154 aligncenter\" src=\"http:\/\/caritas.elblag.pl\/wp-content\/uploads\/2020\/09\/wojewoda1.jpg\" alt=\"\" width=\"208\" height=\"302\" srcset=\"http:\/\/caritas.elblag.pl\/wp-content\/uploads\/2020\/09\/wojewoda1.jpg 353w, http:\/\/caritas.elblag.pl\/wp-content\/uploads\/2020\/09\/wojewoda1-207x300.jpg 207w\" sizes=\"auto, (max-width: 208px) 100vw, 208px\" \/><\/a><\/p>\n","protected":false},"excerpt":{"rendered":"Caritas Diecezji Elbl\u0105skiej realizuje zadanie publiczne pod tytu\u0142em: Aktywizacja i przeciwdzia\u0142anie marginalizacji os\u00f3b starszych \u2013 \u201eAktywno\u015b\u0107 seniora 60+\u201d Klub Seniora przy Caritas Diecezji \n<a class=\"moretag\" href=\"http:\/\/caritas.elblag.pl\/?p=1153\"> [...]<\/a>","protected":false},"author":1,"featured_media":582,"comment_status":"closed","ping_status":"closed","sticky":false,"template":"","format":"standard","meta":{"_exactmetrics_skip_tracking":false,"_exactmetrics_sitenote_active":false,"_exactmetrics_sitenote_note":"","_exactmetrics_sitenote_category":0,"footnotes":""},"categories":[33,24,7],"tags":[],"class_list":["post-1153","post","type-post","status-publish","format-standard","has-post-thumbnail","hentry","category-dzialalnosc","category-polecane","category-zycie-kosciola"],"_links":{"self":[{"href":"http:\/\/caritas.elblag.pl\/index.php?rest_route=\/wp\/v2\/posts\/1153","targetHints":{"allow":["GET"]}}],"collection":[{"href":"http:\/\/caritas.elblag.pl\/index.php?rest_route=\/wp\/v2\/posts"}],"about":[{"href":"http:\/\/caritas.elblag.pl\/index.php?rest_route=\/wp\/v2\/types\/post"}],"author":[{"embeddable":true,"href":"http:\/\/caritas.elblag.pl\/index.php?rest_route=\/wp\/v2\/users\/1"}],"replies":[{"embeddable":true,"href":"http:\/\/caritas.elblag.pl\/index.php?rest_route=%2Fwp%2Fv2%2Fcomments&post=1153"}],"version-history":[{"count":1,"href":"http:\/\/caritas.elblag.pl\/index.php?rest_route=\/wp\/v2\/posts\/1153\/revisions"}],"predecessor-version":[{"id":1155,"href":"http:\/\/caritas.elblag.pl\/index.php?rest_route=\/wp\/v2\/posts\/1153\/revisions\/1155"}],"wp:featuredmedia":[{"embeddable":true,"href":"http:\/\/caritas.elblag.pl\/index.php?rest_route=\/wp\/v2\/media\/582"}],"wp:attachment":[{"href":"http:\/\/caritas.elblag.pl\/index.php?rest_route=%2Fwp%2Fv2%2Fmedia&parent=1153"}],"wp:term":[{"taxonomy":"category","embeddable":true,"href":"http:\/\/caritas.elblag.pl\/index.php?rest_route=%2Fwp%2Fv2%2Fcategories&post=1153"},{"taxonomy":"post_tag","embeddable":true,"href":"http:\/\/caritas.elblag.pl\/index.php?rest_route=%2Fwp%2Fv2%2Ftags&post=1153"}],"curies":[{"name":"wp","href":"https:\/\/api.w.org\/{rel}","templated":true}]}}