{"id":134,"date":"2015-04-20T08:21:42","date_gmt":"2015-04-20T06:21:42","guid":{"rendered":"http:\/\/caritaselblag.pl\/?p=134"},"modified":"2015-04-20T08:21:42","modified_gmt":"2015-04-20T06:21:42","slug":"vii-tydzien-biblijny","status":"publish","type":"post","link":"http:\/\/caritas.elblag.pl\/?p=134","title":{"rendered":"VII Tydzie\u0144 Biblijny"},"content":{"rendered":"<p><strong><a href=\"http:\/\/caritaselblag.pl\/wp-content\/uploads\/2015\/04\/Tydzien_biblijny.jpg\"><img loading=\"lazy\" decoding=\"async\" class=\"alignnone size-full wp-image-136\" src=\"http:\/\/caritaselblag.pl\/wp-content\/uploads\/2015\/04\/Tydzien_biblijny.jpg\" alt=\"Tydzien_biblijny\" width=\"900\" height=\"350\" srcset=\"http:\/\/caritas.elblag.pl\/wp-content\/uploads\/2015\/04\/Tydzien_biblijny.jpg 900w, http:\/\/caritas.elblag.pl\/wp-content\/uploads\/2015\/04\/Tydzien_biblijny-300x117.jpg 300w\" sizes=\"auto, (max-width: 900px) 100vw, 900px\" \/><\/a>III Niedziela Wielkanocna (19.04.2015 r.) zwana Niedziel\u0105 Biblijn\u0105, rozpoczyna VII Og\u00f3lnopolski Tydzie\u0144 Biblijny pod has\u0142em:<em> \u201eNawracajcie si\u0119 i wierzcie w Ewangeli\u0119 (Mk 1, 15)<\/em> . Tydzie\u0144 Biblijny potrwa do 25.04.2015 r.<\/strong><\/p>\n<p>Jest on organizowany z inicjatywy \u201eDzie\u0142a Biblijnego <span lang=\"pl-PL\">im. Jana Paw\u0142a II\u201d.\u00a0<\/span>Celem dzia\u0142ania \u201eDzie\u0142a Biblijnego\u201d jak i VII Tygodnia Biblijnego jest pog\u0142\u0119bianie zrozumienia Pisma \u015awi\u0119tego. Czas VII Tygodnia Biblijnego ma r\u00f3wnie\u017c na celu zainteresowanie i zmobilizowanie katolik\u00f3w do czytania Pisma \u015awi\u0119tego.<\/p>\n","protected":false},"excerpt":{"rendered":"III Niedziela Wielkanocna (19.04.2015 r.) zwana Niedziel\u0105 Biblijn\u0105, rozpoczyna VII Og\u00f3lnopolski Tydzie\u0144 Biblijny pod has\u0142em: \u201eNawracajcie si\u0119 i wierzcie w Ewangeli\u0119 (Mk 1, \n<a class=\"moretag\" href=\"http:\/\/caritas.elblag.pl\/?p=134\"> [...]<\/a>","protected":false},"author":1,"featured_media":135,"comment_status":"closed","ping_status":"closed","sticky":false,"template":"","format":"standard","meta":{"_exactmetrics_skip_tracking":false,"_exactmetrics_sitenote_active":false,"_exactmetrics_sitenote_note":"","_exactmetrics_sitenote_category":0,"footnotes":""},"categories":[7],"tags":[],"class_list":["post-134","post","type-post","status-publish","format-standard","has-post-thumbnail","hentry","category-zycie-kosciola"],"_links":{"self":[{"href":"http:\/\/caritas.elblag.pl\/index.php?rest_route=\/wp\/v2\/posts\/134","targetHints":{"allow":["GET"]}}],"collection":[{"href":"http:\/\/caritas.elblag.pl\/index.php?rest_route=\/wp\/v2\/posts"}],"about":[{"href":"http:\/\/caritas.elblag.pl\/index.php?rest_route=\/wp\/v2\/types\/post"}],"author":[{"embeddable":true,"href":"http:\/\/caritas.elblag.pl\/index.php?rest_route=\/wp\/v2\/users\/1"}],"replies":[{"embeddable":true,"href":"http:\/\/caritas.elblag.pl\/index.php?rest_route=%2Fwp%2Fv2%2Fcomments&post=134"}],"version-history":[{"count":1,"href":"http:\/\/caritas.elblag.pl\/index.php?rest_route=\/wp\/v2\/posts\/134\/revisions"}],"predecessor-version":[{"id":137,"href":"http:\/\/caritas.elblag.pl\/index.php?rest_route=\/wp\/v2\/posts\/134\/revisions\/137"}],"wp:featuredmedia":[{"embeddable":true,"href":"http:\/\/caritas.elblag.pl\/index.php?rest_route=\/wp\/v2\/media\/135"}],"wp:attachment":[{"href":"http:\/\/caritas.elblag.pl\/index.php?rest_route=%2Fwp%2Fv2%2Fmedia&parent=134"}],"wp:term":[{"taxonomy":"category","embeddable":true,"href":"http:\/\/caritas.elblag.pl\/index.php?rest_route=%2Fwp%2Fv2%2Fcategories&post=134"},{"taxonomy":"post_tag","embeddable":true,"href":"http:\/\/caritas.elblag.pl\/index.php?rest_route=%2Fwp%2Fv2%2Ftags&post=134"}],"curies":[{"name":"wp","href":"https:\/\/api.w.org\/{rel}","templated":true}]}}