{"id":1374,"date":"2021-05-24T20:10:51","date_gmt":"2021-05-24T18:10:51","guid":{"rendered":"http:\/\/caritas.elblag.pl\/?p=1374"},"modified":"2021-05-24T20:42:22","modified_gmt":"2021-05-24T18:42:22","slug":"koperty-zycia-caritas","status":"publish","type":"post","link":"http:\/\/caritas.elblag.pl\/?p=1374","title":{"rendered":"\u201eKoperty \u017cycia Caritas\u201d"},"content":{"rendered":"\n<p><strong>W maju do 20 tys. starszych podopiecznych Caritas diecezjalnych trafi\u0105 \u201eKoperty \u017cycia Caritas\u201d. To ju\u017c druga ods\u0142ona akcji, kt\u00f3ra ma w krytycznych sytuacjach u\u0142atwi\u0107 s\u0142u\u017cbom medycznym dost\u0119p do danych o zdrowiu senior\u00f3w potrzebuj\u0105cych pomocy.<\/strong><\/p>\n\n\n\n<p>\u2013&nbsp; \u201eKoperta \u017cycia Caritas\u201d zawiera informacje na temat moich chor\u00f3b i przyjmowanych lek\u00f3w. Umie\u015bci\u0142em j\u0105 w lod\u00f3wce \u2013 opowiada Wac\u0142aw Banaszczyk, emeryt z Warszawy. \u2013 Wszystko mam zapisane, podaj\u0119 te\u017c numery telefon\u00f3w moich bliskich. O \u201eKopercie \u017cycia Caritas\u201d informuje naklejka na lod\u00f3wce. Jestem teraz spokojniejszy, bo dzi\u0119ki \u201eKopercie \u017cycia Caritas\u201d ekipie ratunkowej \u0142atwiej b\u0119dzie udzieli\u0107 mi pomocy, gdyby co\u015b mi si\u0119 sta\u0142o i nie by\u0142o ze mn\u0105 kontaktu \u2013 dodaje pan Wac\u0142aw.<\/p>\n\n\n\n<h4 class=\"wp-block-heading\"><strong>Bezcenna wiedza pod r\u0119k\u0105<\/strong><\/h4>\n\n\n\n<p>\u201eKoperta \u017cycia Caritas\u201d zawiera kart\u0119 z podstawowymi i aktualnymi danymi na temat domownika \u2013 seniora. Na karcie s\u0105 zapisane jego personalia, numer PESEL, grupa krwi, informacje o uczuleniach, przebytych chorobach, przyjmowanych lekach, a tak\u017ce dane kontaktowe bliskiej osoby, kt\u00f3r\u0105 nale\u017cy powiadomi\u0107 w sytuacji nag\u0142ego zagro\u017cenia.<\/p>\n\n\n\n<p>Poza kart\u0105 informacyjn\u0105, w pakiecie \u201eKoperty \u017cycia Caritas\u201d znajduj\u0105 si\u0119 te\u017c: foliowe zabezpieczenie karty, naklejka na lod\u00f3wk\u0119 informuj\u0105ca, \u017ce tu znajduje si\u0119 \u201eKoperta \u017cycia Caritas\u201d oraz wizyt\u00f3wka do portfela, z miejscem na podstawowe informacje \u2013 na wypadek, gdyby s\u0142u\u017cby medyczne trzeba by\u0142o wezwa\u0107 na ulicy, poza miejscem zamieszkania seniora. W domu \u201eKoperta \u017cycia Caritas\u201d umieszczana jest w lod\u00f3wce \u2013 w miejscu \u0142atwo dost\u0119pnym dla ratownik\u00f3w.<\/p>\n\n\n\n<h4 class=\"wp-block-heading\"><strong>Gdy licz\u0105 si\u0119 sekundy<\/strong><\/h4>\n\n\n\n<p>Jak podkre\u015bla Grzegorz Bogusz, ratownik medyczny z ponad dwudziestoletnim do\u015bwiadczeniem zawodowym, dla medyk\u00f3w takie rozwi\u0105zanie to u\u0142atwienie na wag\u0119 z\u0142ota, bo w swojej pracy cz\u0119sto spotykaj\u0105 si\u0119 oni z problemami w komunikacji z osobami starszymi. Dotyczy to zw\u0142aszcza pacjent\u00f3w w ci\u0119\u017ckich stanach, na przyk\u0142ad po udarze m\u00f3zgu, ale nie tylko.<\/p>\n\n\n\n<p>\u2013 Nie ka\u017cda osoba starsza jest w stanie poda\u0107 nazwy przyjmowanych lek\u00f3w, ich dawki, czy te\u017c wymieni\u0107 posiadane obci\u0105\u017cenia chorobowe. Na pytanie: na co si\u0119 pani leczy, cz\u0119sto pada odpowied\u017a: na serce. W karcie wk\u0142adanej do koperty jest miejsce, aby w spos\u00f3b precyzyjny i niebudz\u0105cy w\u0105tpliwo\u015bci, wskaza\u0107 obci\u0105\u017cenia. To dla nas bardzo wa\u017cne, bo ma wp\u0142yw na dalsze post\u0119powanie z pacjentem, na dob\u00f3r lek\u00f3w, kt\u00f3re mo\u017cemy poda\u0107 \u2013 wyja\u015bnia ratownik.<\/p>\n\n\n\n<h4 class=\"wp-block-heading\"><strong>Wa\u017cna aktualizacja<\/strong><\/h4>\n\n\n\n<p>Pierwsze koperty dotar\u0142y do 20 tysi\u0119cy senior\u00f3w \u2013 beneficjent\u00f3w program\u00f3w \u201eNa codzienne zakupy\u201d i #PomocDlaSeniora w grudniu 2020 r., wraz ze \u015bwi\u0105tecznymi paczkami. Kolejne 20 tysi\u0119cy \u201eKopert \u017cycia Caritas\u201d trafia do senior\u00f3w w maju 2021 roku.<\/p>\n\n\n\n<p>\u2013 \u201eKoperty \u017cycia Caritas\u201d s\u0105 przekazywane seniorom przez wolontariuszy Caritas diecezjalnych uczestnicz\u0105cych w programie \u201eNa codzienne zakupy\u201d, kt\u00f3ry Caritas realizuje razem z Fundacj\u0105 Biedronki. W razie potrzeby cz\u0142onkowie rodzin lub wolontariusze Caritas mog\u0105 pom\u00f3c seniorom wpisa\u0107 do karty informacyjnej potrzebne dane o zdrowiu i lekach \u2013 t\u0142umaczy Monika Figiel, koordynatorka program\u00f3w senioralnych w Caritas Polska. A ratownik Grzegorz Bogusz przypomina o aktualizacji kart informacyjnych umieszczanych w \u201eKopertach \u017cycia Caritas\u201d.<\/p>\n\n\n\n<blockquote class=\"wp-block-quote is-layout-flow wp-block-quote-is-layout-flow\"><p>\u2013 Stan zdrowia si\u0119 zmienia, diagnozowane s\u0105 nowe choroby, przepisywane s\u0105 nowe leki. Warto pami\u0119ta\u0107 , aby dane zawarte w tej kopercie aktualizowa\u0107 \u2013 zaznacza.<\/p><\/blockquote>\n\n\n\n<p>Wz\u00f3r \u201eKoperty \u017cycia Caritas\u201d do samodzielnego wydrukowania mo\u017cna pobra\u0107 ze strony internetowej Caritas Polska. Jest dost\u0119pny pod adresem <a rel=\"noreferrer noopener\" href=\"https:\/\/www.caritas.pl\/koperta\" target=\"_blank\">www.caritas.pl\/koperta<\/a>.<\/p>\n\n\n\n<div class=\"wp-block-file\"><a href=\"http:\/\/caritas.elblag.pl\/wp-content\/uploads\/2021\/05\/20.05.2021_inf_pras_koperta_zycia.pdf\">20.05.2021_inf_pras_koperta_zycia<\/a><a href=\"http:\/\/caritas.elblag.pl\/wp-content\/uploads\/2021\/05\/20.05.2021_inf_pras_koperta_zycia.pdf\" class=\"wp-block-file__button\" download>Pobierz<\/a><\/div>\n","protected":false},"excerpt":{"rendered":"W maju do 20 tys. starszych podopiecznych Caritas diecezjalnych trafi\u0105 \u201eKoperty \u017cycia Caritas\u201d. To ju\u017c druga ods\u0142ona akcji, kt\u00f3ra ma w krytycznych sytuacjach \n<a class=\"moretag\" href=\"http:\/\/caritas.elblag.pl\/?p=1374\"> [...]<\/a>","protected":false},"author":1,"featured_media":1375,"comment_status":"closed","ping_status":"closed","sticky":false,"template":"","format":"standard","meta":{"_exactmetrics_skip_tracking":false,"_exactmetrics_sitenote_active":false,"_exactmetrics_sitenote_note":"","_exactmetrics_sitenote_category":0,"footnotes":""},"categories":[6,24,8,7],"tags":[],"class_list":["post-1374","post","type-post","status-publish","format-standard","has-post-thumbnail","hentry","category-aktualnosci","category-polecane","category-wolontariat","category-zycie-kosciola"],"_links":{"self":[{"href":"http:\/\/caritas.elblag.pl\/index.php?rest_route=\/wp\/v2\/posts\/1374","targetHints":{"allow":["GET"]}}],"collection":[{"href":"http:\/\/caritas.elblag.pl\/index.php?rest_route=\/wp\/v2\/posts"}],"about":[{"href":"http:\/\/caritas.elblag.pl\/index.php?rest_route=\/wp\/v2\/types\/post"}],"author":[{"embeddable":true,"href":"http:\/\/caritas.elblag.pl\/index.php?rest_route=\/wp\/v2\/users\/1"}],"replies":[{"embeddable":true,"href":"http:\/\/caritas.elblag.pl\/index.php?rest_route=%2Fwp%2Fv2%2Fcomments&post=1374"}],"version-history":[{"count":3,"href":"http:\/\/caritas.elblag.pl\/index.php?rest_route=\/wp\/v2\/posts\/1374\/revisions"}],"predecessor-version":[{"id":1379,"href":"http:\/\/caritas.elblag.pl\/index.php?rest_route=\/wp\/v2\/posts\/1374\/revisions\/1379"}],"wp:featuredmedia":[{"embeddable":true,"href":"http:\/\/caritas.elblag.pl\/index.php?rest_route=\/wp\/v2\/media\/1375"}],"wp:attachment":[{"href":"http:\/\/caritas.elblag.pl\/index.php?rest_route=%2Fwp%2Fv2%2Fmedia&parent=1374"}],"wp:term":[{"taxonomy":"category","embeddable":true,"href":"http:\/\/caritas.elblag.pl\/index.php?rest_route=%2Fwp%2Fv2%2Fcategories&post=1374"},{"taxonomy":"post_tag","embeddable":true,"href":"http:\/\/caritas.elblag.pl\/index.php?rest_route=%2Fwp%2Fv2%2Ftags&post=1374"}],"curies":[{"name":"wp","href":"https:\/\/api.w.org\/{rel}","templated":true}]}}