{"id":1418,"date":"2021-09-20T19:50:28","date_gmt":"2021-09-20T17:50:28","guid":{"rendered":"http:\/\/caritas.elblag.pl\/?p=1418"},"modified":"2021-09-20T19:51:27","modified_gmt":"2021-09-20T17:51:27","slug":"podziekowanie-marszalka-sejmu-dla-caritas-diecezji-elblaskiej","status":"publish","type":"post","link":"http:\/\/caritas.elblag.pl\/?p=1418","title":{"rendered":"Podzi\u0119kowanie Marsza\u0142ka Sejmu dla Caritas Diecezji Elbl\u0105skiej"},"content":{"rendered":"\n<figure class=\"wp-block-image size-large\"><a href=\"http:\/\/caritas.elblag.pl\/wp-content\/uploads\/2021\/09\/obraz.png\"><img loading=\"lazy\" decoding=\"async\" width=\"722\" height=\"1024\" src=\"http:\/\/caritas.elblag.pl\/wp-content\/uploads\/2021\/09\/obraz-722x1024.png\" alt=\"\" class=\"wp-image-1419\" srcset=\"http:\/\/caritas.elblag.pl\/wp-content\/uploads\/2021\/09\/obraz-722x1024.png 722w, http:\/\/caritas.elblag.pl\/wp-content\/uploads\/2021\/09\/obraz-212x300.png 212w, http:\/\/caritas.elblag.pl\/wp-content\/uploads\/2021\/09\/obraz-768x1089.png 768w, http:\/\/caritas.elblag.pl\/wp-content\/uploads\/2021\/09\/obraz-1083x1536.png 1083w, http:\/\/caritas.elblag.pl\/wp-content\/uploads\/2021\/09\/obraz-1444x2048.png 1444w\" sizes=\"auto, (max-width: 722px) 100vw, 722px\" \/><\/a><\/figure>\n","protected":false},"excerpt":{"rendered":"<a class=\"moretag\" href=\"http:\/\/caritas.elblag.pl\/?p=1418\"> [...]<\/a>","protected":false},"author":1,"featured_media":1400,"comment_status":"closed","ping_status":"closed","sticky":false,"template":"","format":"standard","meta":{"_exactmetrics_skip_tracking":false,"_exactmetrics_sitenote_active":false,"_exactmetrics_sitenote_note":"","_exactmetrics_sitenote_category":0,"footnotes":""},"categories":[6,1,24,8,7],"tags":[],"class_list":["post-1418","post","type-post","status-publish","format-standard","has-post-thumbnail","hentry","category-aktualnosci","category-bez-kategorii","category-polecane","category-wolontariat","category-zycie-kosciola"],"_links":{"self":[{"href":"http:\/\/caritas.elblag.pl\/index.php?rest_route=\/wp\/v2\/posts\/1418","targetHints":{"allow":["GET"]}}],"collection":[{"href":"http:\/\/caritas.elblag.pl\/index.php?rest_route=\/wp\/v2\/posts"}],"about":[{"href":"http:\/\/caritas.elblag.pl\/index.php?rest_route=\/wp\/v2\/types\/post"}],"author":[{"embeddable":true,"href":"http:\/\/caritas.elblag.pl\/index.php?rest_route=\/wp\/v2\/users\/1"}],"replies":[{"embeddable":true,"href":"http:\/\/caritas.elblag.pl\/index.php?rest_route=%2Fwp%2Fv2%2Fcomments&post=1418"}],"version-history":[{"count":1,"href":"http:\/\/caritas.elblag.pl\/index.php?rest_route=\/wp\/v2\/posts\/1418\/revisions"}],"predecessor-version":[{"id":1420,"href":"http:\/\/caritas.elblag.pl\/index.php?rest_route=\/wp\/v2\/posts\/1418\/revisions\/1420"}],"wp:featuredmedia":[{"embeddable":true,"href":"http:\/\/caritas.elblag.pl\/index.php?rest_route=\/wp\/v2\/media\/1400"}],"wp:attachment":[{"href":"http:\/\/caritas.elblag.pl\/index.php?rest_route=%2Fwp%2Fv2%2Fmedia&parent=1418"}],"wp:term":[{"taxonomy":"category","embeddable":true,"href":"http:\/\/caritas.elblag.pl\/index.php?rest_route=%2Fwp%2Fv2%2Fcategories&post=1418"},{"taxonomy":"post_tag","embeddable":true,"href":"http:\/\/caritas.elblag.pl\/index.php?rest_route=%2Fwp%2Fv2%2Ftags&post=1418"}],"curies":[{"name":"wp","href":"https:\/\/api.w.org\/{rel}","templated":true}]}}