{"id":1481,"date":"2022-03-18T13:17:56","date_gmt":"2022-03-18T12:17:56","guid":{"rendered":"http:\/\/caritas.elblag.pl\/?p=1481"},"modified":"2022-03-18T13:17:56","modified_gmt":"2022-03-18T12:17:56","slug":"czapki-niemowlece-dla-szpitala-w-lublinie","status":"publish","type":"post","link":"http:\/\/caritas.elblag.pl\/?p=1481","title":{"rendered":"Czapki niemowl\u0119ce dla szpitala w Lublinie"},"content":{"rendered":"\n<h2 class=\"wp-block-heading\">&#8220;Caritas Diecezji Elbl\u0105skiej przekaza\u0142a czapki niemowl\u0119ce do Samodzielnego Publicznego Szpitala Wojew\u00f3dzkiego im. \u015aw. Jana Bo\u017cego. Oddzia\u0142 Po\u0142o\u017cniczy w Lublinie, jako pomoc dla dzieci z Ukrainy urodzonych w Polsce, oraz czapki dla dzieci i m\u0142odzie\u017cy przekazane do magazynu Caritas Archidiecezji Lubelskiej jako pomoc dla Ukrainy&#8221;<\/h2>\n\n\n\n<p><\/p>\n","protected":false},"excerpt":{"rendered":"&#8220;Caritas Diecezji Elbl\u0105skiej przekaza\u0142a czapki niemowl\u0119ce do Samodzielnego Publicznego Szpitala Wojew\u00f3dzkiego im. \u015aw. Jana Bo\u017cego. Oddzia\u0142 Po\u0142o\u017cniczy w Lublinie, jako pomoc dla dzieci \n<a class=\"moretag\" href=\"http:\/\/caritas.elblag.pl\/?p=1481\"> [...]<\/a>","protected":false},"author":1,"featured_media":1482,"comment_status":"closed","ping_status":"closed","sticky":false,"template":"","format":"standard","meta":{"_exactmetrics_skip_tracking":false,"_exactmetrics_sitenote_active":false,"_exactmetrics_sitenote_note":"","_exactmetrics_sitenote_category":0,"footnotes":""},"categories":[6,33,24,8,7],"tags":[],"class_list":["post-1481","post","type-post","status-publish","format-standard","has-post-thumbnail","hentry","category-aktualnosci","category-dzialalnosc","category-polecane","category-wolontariat","category-zycie-kosciola"],"_links":{"self":[{"href":"http:\/\/caritas.elblag.pl\/index.php?rest_route=\/wp\/v2\/posts\/1481","targetHints":{"allow":["GET"]}}],"collection":[{"href":"http:\/\/caritas.elblag.pl\/index.php?rest_route=\/wp\/v2\/posts"}],"about":[{"href":"http:\/\/caritas.elblag.pl\/index.php?rest_route=\/wp\/v2\/types\/post"}],"author":[{"embeddable":true,"href":"http:\/\/caritas.elblag.pl\/index.php?rest_route=\/wp\/v2\/users\/1"}],"replies":[{"embeddable":true,"href":"http:\/\/caritas.elblag.pl\/index.php?rest_route=%2Fwp%2Fv2%2Fcomments&post=1481"}],"version-history":[{"count":1,"href":"http:\/\/caritas.elblag.pl\/index.php?rest_route=\/wp\/v2\/posts\/1481\/revisions"}],"predecessor-version":[{"id":1483,"href":"http:\/\/caritas.elblag.pl\/index.php?rest_route=\/wp\/v2\/posts\/1481\/revisions\/1483"}],"wp:featuredmedia":[{"embeddable":true,"href":"http:\/\/caritas.elblag.pl\/index.php?rest_route=\/wp\/v2\/media\/1482"}],"wp:attachment":[{"href":"http:\/\/caritas.elblag.pl\/index.php?rest_route=%2Fwp%2Fv2%2Fmedia&parent=1481"}],"wp:term":[{"taxonomy":"category","embeddable":true,"href":"http:\/\/caritas.elblag.pl\/index.php?rest_route=%2Fwp%2Fv2%2Fcategories&post=1481"},{"taxonomy":"post_tag","embeddable":true,"href":"http:\/\/caritas.elblag.pl\/index.php?rest_route=%2Fwp%2Fv2%2Ftags&post=1481"}],"curies":[{"name":"wp","href":"https:\/\/api.w.org\/{rel}","templated":true}]}}