{"id":1505,"date":"2022-04-25T20:39:26","date_gmt":"2022-04-25T18:39:26","guid":{"rendered":"http:\/\/caritas.elblag.pl\/?p=1505"},"modified":"2022-04-25T20:39:26","modified_gmt":"2022-04-25T18:39:26","slug":"kolejny-transport-pomocy","status":"publish","type":"post","link":"http:\/\/caritas.elblag.pl\/?p=1505","title":{"rendered":"Kolejny transport pomocy"},"content":{"rendered":"\n<p>Ruszy\u0142 z Elbl\u0105ga kolejny transport pomocy w ramach akcji <strong>Paczka dla Ukrainy<\/strong>. Tym<br \/>razem trafi do miejscowo\u015bci Korzec i Czernih\u00f3w.<\/p>\n\n\n\n<figure class=\"wp-block-image size-large is-resized\"><a href=\"http:\/\/caritas.elblag.pl\/wp-content\/uploads\/2022\/04\/IMG-1496-scaled.jpg\"><img loading=\"lazy\" decoding=\"async\" src=\"http:\/\/caritas.elblag.pl\/wp-content\/uploads\/2022\/04\/IMG-1496-1024x768.jpg\" alt=\"\" class=\"wp-image-1506\" width=\"420\" height=\"315\" srcset=\"http:\/\/caritas.elblag.pl\/wp-content\/uploads\/2022\/04\/IMG-1496-1024x768.jpg 1024w, http:\/\/caritas.elblag.pl\/wp-content\/uploads\/2022\/04\/IMG-1496-300x225.jpg 300w, http:\/\/caritas.elblag.pl\/wp-content\/uploads\/2022\/04\/IMG-1496-768x576.jpg 768w, http:\/\/caritas.elblag.pl\/wp-content\/uploads\/2022\/04\/IMG-1496-1536x1152.jpg 1536w, http:\/\/caritas.elblag.pl\/wp-content\/uploads\/2022\/04\/IMG-1496-2048x1536.jpg 2048w\" sizes=\"auto, (max-width: 420px) 100vw, 420px\" \/><\/a><\/figure>\n\n\n\n<figure class=\"wp-block-image size-large is-resized\"><a href=\"http:\/\/caritas.elblag.pl\/wp-content\/uploads\/2022\/04\/IMG-1494-scaled.jpg\"><img loading=\"lazy\" decoding=\"async\" src=\"http:\/\/caritas.elblag.pl\/wp-content\/uploads\/2022\/04\/IMG-1494-1024x768.jpg\" alt=\"\" class=\"wp-image-1507\" width=\"421\" height=\"316\" srcset=\"http:\/\/caritas.elblag.pl\/wp-content\/uploads\/2022\/04\/IMG-1494-1024x768.jpg 1024w, http:\/\/caritas.elblag.pl\/wp-content\/uploads\/2022\/04\/IMG-1494-300x225.jpg 300w, http:\/\/caritas.elblag.pl\/wp-content\/uploads\/2022\/04\/IMG-1494-768x576.jpg 768w, http:\/\/caritas.elblag.pl\/wp-content\/uploads\/2022\/04\/IMG-1494-1536x1152.jpg 1536w, http:\/\/caritas.elblag.pl\/wp-content\/uploads\/2022\/04\/IMG-1494-2048x1536.jpg 2048w\" sizes=\"auto, (max-width: 421px) 100vw, 421px\" \/><\/a><\/figure>\n","protected":false},"excerpt":{"rendered":"Ruszy\u0142 z Elbl\u0105ga kolejny transport pomocy w ramach akcji Paczka dla Ukrainy. Tymrazem trafi do miejscowo\u015bci Korzec i Czernih\u00f3w.\n<a class=\"moretag\" href=\"http:\/\/caritas.elblag.pl\/?p=1505\"> [...]<\/a>","protected":false},"author":1,"featured_media":1489,"comment_status":"closed","ping_status":"closed","sticky":false,"template":"","format":"standard","meta":{"_exactmetrics_skip_tracking":false,"_exactmetrics_sitenote_active":false,"_exactmetrics_sitenote_note":"","_exactmetrics_sitenote_category":0,"footnotes":""},"categories":[6,33,24,8,7],"tags":[],"class_list":["post-1505","post","type-post","status-publish","format-standard","has-post-thumbnail","hentry","category-aktualnosci","category-dzialalnosc","category-polecane","category-wolontariat","category-zycie-kosciola"],"_links":{"self":[{"href":"http:\/\/caritas.elblag.pl\/index.php?rest_route=\/wp\/v2\/posts\/1505","targetHints":{"allow":["GET"]}}],"collection":[{"href":"http:\/\/caritas.elblag.pl\/index.php?rest_route=\/wp\/v2\/posts"}],"about":[{"href":"http:\/\/caritas.elblag.pl\/index.php?rest_route=\/wp\/v2\/types\/post"}],"author":[{"embeddable":true,"href":"http:\/\/caritas.elblag.pl\/index.php?rest_route=\/wp\/v2\/users\/1"}],"replies":[{"embeddable":true,"href":"http:\/\/caritas.elblag.pl\/index.php?rest_route=%2Fwp%2Fv2%2Fcomments&post=1505"}],"version-history":[{"count":2,"href":"http:\/\/caritas.elblag.pl\/index.php?rest_route=\/wp\/v2\/posts\/1505\/revisions"}],"predecessor-version":[{"id":1509,"href":"http:\/\/caritas.elblag.pl\/index.php?rest_route=\/wp\/v2\/posts\/1505\/revisions\/1509"}],"wp:featuredmedia":[{"embeddable":true,"href":"http:\/\/caritas.elblag.pl\/index.php?rest_route=\/wp\/v2\/media\/1489"}],"wp:attachment":[{"href":"http:\/\/caritas.elblag.pl\/index.php?rest_route=%2Fwp%2Fv2%2Fmedia&parent=1505"}],"wp:term":[{"taxonomy":"category","embeddable":true,"href":"http:\/\/caritas.elblag.pl\/index.php?rest_route=%2Fwp%2Fv2%2Fcategories&post=1505"},{"taxonomy":"post_tag","embeddable":true,"href":"http:\/\/caritas.elblag.pl\/index.php?rest_route=%2Fwp%2Fv2%2Ftags&post=1505"}],"curies":[{"name":"wp","href":"https:\/\/api.w.org\/{rel}","templated":true}]}}