{"id":1511,"date":"2022-05-04T18:53:36","date_gmt":"2022-05-04T16:53:36","guid":{"rendered":"http:\/\/caritas.elblag.pl\/?p=1511"},"modified":"2022-05-04T18:56:36","modified_gmt":"2022-05-04T16:56:36","slug":"dzien-dobra","status":"publish","type":"post","link":"http:\/\/caritas.elblag.pl\/?p=1511","title":{"rendered":"&#8220;Dzie\u0144 Dobra&#8221;"},"content":{"rendered":"\n<h2 class=\"wp-block-heading\">W ramach og\u00f3lnopolskiej akcji przeprowadzonej przez Caritas Polska &#8211;<br \/>&#8220;DZIE\u0143 DOBRA &#8211; Miejsca, kt\u00f3re s\u0105 domem&#8221;, my r\u00f3wnie\u017c w\u0142\u0105czyli\u015bmy si\u0119 do<br \/>akcji. Cztery parafie i dwa zespo\u0142y Szkolnych K\u00f3\u0142 Caritas zorganizowa\u0142y<br \/>festyn parafialny, spotkania tematyczne i kiermasze.<\/h2>\n\n\n\n<div class=\"wp-block-image\"><figure class=\"alignleft size-large is-resized\"><a href=\"http:\/\/caritas.elblag.pl\/wp-content\/uploads\/2022\/05\/image000003.jpg\"><img loading=\"lazy\" decoding=\"async\" src=\"http:\/\/caritas.elblag.pl\/wp-content\/uploads\/2022\/05\/image000003.jpg\" alt=\"\" class=\"wp-image-1513\" width=\"442\" height=\"331\" srcset=\"http:\/\/caritas.elblag.pl\/wp-content\/uploads\/2022\/05\/image000003.jpg 452w, http:\/\/caritas.elblag.pl\/wp-content\/uploads\/2022\/05\/image000003-300x224.jpg 300w\" sizes=\"auto, (max-width: 442px) 100vw, 442px\" \/><\/a><\/figure><\/div>\n\n\n\n<div class=\"wp-block-image\"><figure class=\"alignleft size-large is-resized\"><a href=\"http:\/\/caritas.elblag.pl\/wp-content\/uploads\/2022\/05\/image000005.jpg\"><img loading=\"lazy\" decoding=\"async\" src=\"http:\/\/caritas.elblag.pl\/wp-content\/uploads\/2022\/05\/image000005.jpg\" alt=\"\" class=\"wp-image-1514\" width=\"442\" height=\"589\" srcset=\"http:\/\/caritas.elblag.pl\/wp-content\/uploads\/2022\/05\/image000005.jpg 339w, http:\/\/caritas.elblag.pl\/wp-content\/uploads\/2022\/05\/image000005-225x300.jpg 225w\" sizes=\"auto, (max-width: 442px) 100vw, 442px\" \/><\/a><\/figure><\/div>\n\n\n\n<div class=\"wp-block-image\"><figure class=\"alignleft size-large is-resized\"><a href=\"http:\/\/caritas.elblag.pl\/wp-content\/uploads\/2022\/05\/1.-Baloszyce.jpeg\"><img loading=\"lazy\" decoding=\"async\" src=\"http:\/\/caritas.elblag.pl\/wp-content\/uploads\/2022\/05\/1.-Baloszyce.jpeg\" alt=\"\" class=\"wp-image-1515\" width=\"444\" height=\"333\" srcset=\"http:\/\/caritas.elblag.pl\/wp-content\/uploads\/2022\/05\/1.-Baloszyce.jpeg 960w, http:\/\/caritas.elblag.pl\/wp-content\/uploads\/2022\/05\/1.-Baloszyce-300x225.jpeg 300w, http:\/\/caritas.elblag.pl\/wp-content\/uploads\/2022\/05\/1.-Baloszyce-768x576.jpeg 768w\" sizes=\"auto, (max-width: 444px) 100vw, 444px\" \/><\/a><\/figure><\/div>\n\n\n\n<p><\/p>\n","protected":false},"excerpt":{"rendered":"W ramach og\u00f3lnopolskiej akcji przeprowadzonej przez Caritas Polska &#8211;&#8220;DZIE\u0143 DOBRA &#8211; Miejsca, kt\u00f3re s\u0105 domem&#8221;, my r\u00f3wnie\u017c w\u0142\u0105czyli\u015bmy si\u0119 doakcji. Cztery parafie i \n<a class=\"moretag\" href=\"http:\/\/caritas.elblag.pl\/?p=1511\"> [...]<\/a>","protected":false},"author":1,"featured_media":1512,"comment_status":"closed","ping_status":"closed","sticky":false,"template":"","format":"standard","meta":{"_exactmetrics_skip_tracking":false,"_exactmetrics_sitenote_active":false,"_exactmetrics_sitenote_note":"","_exactmetrics_sitenote_category":0,"footnotes":""},"categories":[6,24,8,7],"tags":[],"class_list":["post-1511","post","type-post","status-publish","format-standard","has-post-thumbnail","hentry","category-aktualnosci","category-polecane","category-wolontariat","category-zycie-kosciola"],"_links":{"self":[{"href":"http:\/\/caritas.elblag.pl\/index.php?rest_route=\/wp\/v2\/posts\/1511","targetHints":{"allow":["GET"]}}],"collection":[{"href":"http:\/\/caritas.elblag.pl\/index.php?rest_route=\/wp\/v2\/posts"}],"about":[{"href":"http:\/\/caritas.elblag.pl\/index.php?rest_route=\/wp\/v2\/types\/post"}],"author":[{"embeddable":true,"href":"http:\/\/caritas.elblag.pl\/index.php?rest_route=\/wp\/v2\/users\/1"}],"replies":[{"embeddable":true,"href":"http:\/\/caritas.elblag.pl\/index.php?rest_route=%2Fwp%2Fv2%2Fcomments&post=1511"}],"version-history":[{"count":5,"href":"http:\/\/caritas.elblag.pl\/index.php?rest_route=\/wp\/v2\/posts\/1511\/revisions"}],"predecessor-version":[{"id":1520,"href":"http:\/\/caritas.elblag.pl\/index.php?rest_route=\/wp\/v2\/posts\/1511\/revisions\/1520"}],"wp:featuredmedia":[{"embeddable":true,"href":"http:\/\/caritas.elblag.pl\/index.php?rest_route=\/wp\/v2\/media\/1512"}],"wp:attachment":[{"href":"http:\/\/caritas.elblag.pl\/index.php?rest_route=%2Fwp%2Fv2%2Fmedia&parent=1511"}],"wp:term":[{"taxonomy":"category","embeddable":true,"href":"http:\/\/caritas.elblag.pl\/index.php?rest_route=%2Fwp%2Fv2%2Fcategories&post=1511"},{"taxonomy":"post_tag","embeddable":true,"href":"http:\/\/caritas.elblag.pl\/index.php?rest_route=%2Fwp%2Fv2%2Ftags&post=1511"}],"curies":[{"name":"wp","href":"https:\/\/api.w.org\/{rel}","templated":true}]}}