{"id":1586,"date":"2022-06-30T14:07:30","date_gmt":"2022-06-30T12:07:30","guid":{"rendered":"http:\/\/caritas.elblag.pl\/?p=1586"},"modified":"2022-06-30T14:07:30","modified_gmt":"2022-06-30T12:07:30","slug":"dzien-dziecka","status":"publish","type":"post","link":"http:\/\/caritas.elblag.pl\/?p=1586","title":{"rendered":"Dzie\u0144 Dziecka"},"content":{"rendered":"\n<h2 class=\"wp-block-heading\">W ramach projektu z Caritas Polska \u201eDzie\u0144 Dziecka \u2013 Pude\u0142ko Szcz\u0119\u015bcia\u201d otrzymali\u015bmy s\u0142odycze, ksi\u0105\u017cki, maskotki od firmy BIEDRONKA i pude\u0142ka od firmy MONDI. Natomiast Caritas Diecezji Elbl\u0105skiej z tej samej okazji zakupi\u0142a s\u0142odycze na bazie miodu naturalnego \u2013 stawiaj\u0105c na zdrowie dzieci.<\/h2>\n\n\n\n<p>Z tej okazji 5 parafii zorganizowa\u0142o gry i zabawy dla dzieci oraz festyny rodzinne.<\/p>\n\n\n\n<figure class=\"wp-block-image size-large is-resized\"><a href=\"http:\/\/caritas.elblag.pl\/wp-content\/uploads\/2022\/06\/3.-Dzien-Dziecka-2022-Nowy-Staw.jpeg\"><img loading=\"lazy\" decoding=\"async\" src=\"http:\/\/caritas.elblag.pl\/wp-content\/uploads\/2022\/06\/3.-Dzien-Dziecka-2022-Nowy-Staw-1024x498.jpeg\" alt=\"\" class=\"wp-image-1587\" width=\"506\" height=\"246\" srcset=\"http:\/\/caritas.elblag.pl\/wp-content\/uploads\/2022\/06\/3.-Dzien-Dziecka-2022-Nowy-Staw-1024x498.jpeg 1024w, http:\/\/caritas.elblag.pl\/wp-content\/uploads\/2022\/06\/3.-Dzien-Dziecka-2022-Nowy-Staw-300x146.jpeg 300w, http:\/\/caritas.elblag.pl\/wp-content\/uploads\/2022\/06\/3.-Dzien-Dziecka-2022-Nowy-Staw-768x373.jpeg 768w, http:\/\/caritas.elblag.pl\/wp-content\/uploads\/2022\/06\/3.-Dzien-Dziecka-2022-Nowy-Staw.jpeg 1416w\" sizes=\"auto, (max-width: 506px) 100vw, 506px\" \/><\/a><\/figure>\n\n\n\n<figure class=\"wp-block-image size-large is-resized\"><a href=\"http:\/\/caritas.elblag.pl\/wp-content\/uploads\/2022\/06\/IMG-1536-scaled.jpg\"><img loading=\"lazy\" decoding=\"async\" src=\"http:\/\/caritas.elblag.pl\/wp-content\/uploads\/2022\/06\/IMG-1536-768x1024.jpg\" alt=\"\" class=\"wp-image-1592\" width=\"504\" height=\"672\" srcset=\"http:\/\/caritas.elblag.pl\/wp-content\/uploads\/2022\/06\/IMG-1536-768x1024.jpg 768w, http:\/\/caritas.elblag.pl\/wp-content\/uploads\/2022\/06\/IMG-1536-225x300.jpg 225w, http:\/\/caritas.elblag.pl\/wp-content\/uploads\/2022\/06\/IMG-1536-1152x1536.jpg 1152w, http:\/\/caritas.elblag.pl\/wp-content\/uploads\/2022\/06\/IMG-1536-1536x2048.jpg 1536w, http:\/\/caritas.elblag.pl\/wp-content\/uploads\/2022\/06\/IMG-1536-scaled.jpg 1920w\" sizes=\"auto, (max-width: 504px) 100vw, 504px\" \/><\/a><\/figure>\n\n\n\n<figure class=\"wp-block-image size-large is-resized\"><a href=\"http:\/\/caritas.elblag.pl\/wp-content\/uploads\/2022\/06\/IMG-1540-scaled.jpg\"><img loading=\"lazy\" decoding=\"async\" src=\"http:\/\/caritas.elblag.pl\/wp-content\/uploads\/2022\/06\/IMG-1540-768x1024.jpg\" alt=\"\" class=\"wp-image-1590\" width=\"502\" height=\"669\" srcset=\"http:\/\/caritas.elblag.pl\/wp-content\/uploads\/2022\/06\/IMG-1540-768x1024.jpg 768w, http:\/\/caritas.elblag.pl\/wp-content\/uploads\/2022\/06\/IMG-1540-225x300.jpg 225w, http:\/\/caritas.elblag.pl\/wp-content\/uploads\/2022\/06\/IMG-1540-1152x1536.jpg 1152w, http:\/\/caritas.elblag.pl\/wp-content\/uploads\/2022\/06\/IMG-1540-1536x2048.jpg 1536w, http:\/\/caritas.elblag.pl\/wp-content\/uploads\/2022\/06\/IMG-1540-scaled.jpg 1920w\" sizes=\"auto, (max-width: 502px) 100vw, 502px\" \/><\/a><\/figure>\n\n\n\n<figure class=\"wp-block-image size-large\"><a href=\"http:\/\/caritas.elblag.pl\/wp-content\/uploads\/2022\/06\/6.Mikolajki-Pomorskie.jpeg\"><img loading=\"lazy\" decoding=\"async\" width=\"501\" height=\"375\" src=\"http:\/\/caritas.elblag.pl\/wp-content\/uploads\/2022\/06\/6.Mikolajki-Pomorskie.jpeg\" alt=\"\" class=\"wp-image-1588\" srcset=\"http:\/\/caritas.elblag.pl\/wp-content\/uploads\/2022\/06\/6.Mikolajki-Pomorskie.jpeg 501w, http:\/\/caritas.elblag.pl\/wp-content\/uploads\/2022\/06\/6.Mikolajki-Pomorskie-300x225.jpeg 300w\" sizes=\"auto, (max-width: 501px) 100vw, 501px\" \/><\/a><\/figure>\n\n\n\n<figure class=\"wp-block-image size-large is-resized\"><a href=\"http:\/\/caritas.elblag.pl\/wp-content\/uploads\/2022\/06\/7.Cieplice-rotated.jpg\"><img loading=\"lazy\" decoding=\"async\" src=\"http:\/\/caritas.elblag.pl\/wp-content\/uploads\/2022\/06\/7.Cieplice-768x1024.jpg\" alt=\"\" class=\"wp-image-1594\" width=\"501\" height=\"668\" srcset=\"http:\/\/caritas.elblag.pl\/wp-content\/uploads\/2022\/06\/7.Cieplice-768x1024.jpg 768w, http:\/\/caritas.elblag.pl\/wp-content\/uploads\/2022\/06\/7.Cieplice-225x300.jpg 225w, http:\/\/caritas.elblag.pl\/wp-content\/uploads\/2022\/06\/7.Cieplice-1152x1536.jpg 1152w, http:\/\/caritas.elblag.pl\/wp-content\/uploads\/2022\/06\/7.Cieplice-rotated.jpg 1512w\" sizes=\"auto, (max-width: 501px) 100vw, 501px\" \/><\/a><\/figure>\n\n\n\n<figure class=\"wp-block-image size-large is-resized\"><a href=\"http:\/\/caritas.elblag.pl\/wp-content\/uploads\/2022\/06\/3.Cieplice-rotated.jpg\"><img loading=\"lazy\" decoding=\"async\" src=\"http:\/\/caritas.elblag.pl\/wp-content\/uploads\/2022\/06\/3.Cieplice-768x1024.jpg\" alt=\"\" class=\"wp-image-1595\" width=\"501\" height=\"668\" srcset=\"http:\/\/caritas.elblag.pl\/wp-content\/uploads\/2022\/06\/3.Cieplice-768x1024.jpg 768w, http:\/\/caritas.elblag.pl\/wp-content\/uploads\/2022\/06\/3.Cieplice-225x300.jpg 225w, http:\/\/caritas.elblag.pl\/wp-content\/uploads\/2022\/06\/3.Cieplice-1152x1536.jpg 1152w, http:\/\/caritas.elblag.pl\/wp-content\/uploads\/2022\/06\/3.Cieplice-rotated.jpg 1512w\" sizes=\"auto, (max-width: 501px) 100vw, 501px\" \/><\/a><\/figure>\n\n\n\n<figure class=\"wp-block-image size-large is-resized\"><a href=\"http:\/\/caritas.elblag.pl\/wp-content\/uploads\/2022\/06\/5.Krzyzanowo-scaled.jpg\"><img loading=\"lazy\" decoding=\"async\" src=\"http:\/\/caritas.elblag.pl\/wp-content\/uploads\/2022\/06\/5.Krzyzanowo-768x1024.jpg\" alt=\"\" class=\"wp-image-1598\" width=\"501\" height=\"668\" srcset=\"http:\/\/caritas.elblag.pl\/wp-content\/uploads\/2022\/06\/5.Krzyzanowo-768x1024.jpg 768w, http:\/\/caritas.elblag.pl\/wp-content\/uploads\/2022\/06\/5.Krzyzanowo-225x300.jpg 225w, http:\/\/caritas.elblag.pl\/wp-content\/uploads\/2022\/06\/5.Krzyzanowo-1152x1536.jpg 1152w, http:\/\/caritas.elblag.pl\/wp-content\/uploads\/2022\/06\/5.Krzyzanowo-1536x2048.jpg 1536w, http:\/\/caritas.elblag.pl\/wp-content\/uploads\/2022\/06\/5.Krzyzanowo-scaled.jpg 1920w\" sizes=\"auto, (max-width: 501px) 100vw, 501px\" \/><\/a><\/figure>\n\n\n\n<figure class=\"wp-block-image size-large is-resized\"><a href=\"http:\/\/caritas.elblag.pl\/wp-content\/uploads\/2022\/06\/4.Krzyzanowo-zawody-wedkarskie-scaled.jpg\"><img loading=\"lazy\" decoding=\"async\" src=\"http:\/\/caritas.elblag.pl\/wp-content\/uploads\/2022\/06\/4.Krzyzanowo-zawody-wedkarskie-1024x768.jpg\" alt=\"\" class=\"wp-image-1597\" width=\"503\" height=\"377\" srcset=\"http:\/\/caritas.elblag.pl\/wp-content\/uploads\/2022\/06\/4.Krzyzanowo-zawody-wedkarskie-1024x768.jpg 1024w, http:\/\/caritas.elblag.pl\/wp-content\/uploads\/2022\/06\/4.Krzyzanowo-zawody-wedkarskie-300x225.jpg 300w, http:\/\/caritas.elblag.pl\/wp-content\/uploads\/2022\/06\/4.Krzyzanowo-zawody-wedkarskie-768x576.jpg 768w, http:\/\/caritas.elblag.pl\/wp-content\/uploads\/2022\/06\/4.Krzyzanowo-zawody-wedkarskie-1536x1152.jpg 1536w, http:\/\/caritas.elblag.pl\/wp-content\/uploads\/2022\/06\/4.Krzyzanowo-zawody-wedkarskie-2048x1536.jpg 2048w\" sizes=\"auto, (max-width: 503px) 100vw, 503px\" \/><\/a><\/figure>\n\n\n\n<figure class=\"wp-block-image size-large is-resized\"><a href=\"http:\/\/caritas.elblag.pl\/wp-content\/uploads\/2022\/06\/9.Cieplice-rotated.jpg\"><img loading=\"lazy\" decoding=\"async\" src=\"http:\/\/caritas.elblag.pl\/wp-content\/uploads\/2022\/06\/9.Cieplice-768x1024.jpg\" alt=\"\" class=\"wp-image-1599\" width=\"504\" height=\"672\" srcset=\"http:\/\/caritas.elblag.pl\/wp-content\/uploads\/2022\/06\/9.Cieplice-768x1024.jpg 768w, http:\/\/caritas.elblag.pl\/wp-content\/uploads\/2022\/06\/9.Cieplice-225x300.jpg 225w, http:\/\/caritas.elblag.pl\/wp-content\/uploads\/2022\/06\/9.Cieplice-1152x1536.jpg 1152w, http:\/\/caritas.elblag.pl\/wp-content\/uploads\/2022\/06\/9.Cieplice-rotated.jpg 1512w\" sizes=\"auto, (max-width: 504px) 100vw, 504px\" \/><\/a><\/figure>\n","protected":false},"excerpt":{"rendered":"W ramach projektu z Caritas Polska \u201eDzie\u0144 Dziecka \u2013 Pude\u0142ko Szcz\u0119\u015bcia\u201d otrzymali\u015bmy s\u0142odycze, ksi\u0105\u017cki, maskotki od firmy BIEDRONKA i pude\u0142ka od firmy MONDI. \n<a class=\"moretag\" href=\"http:\/\/caritas.elblag.pl\/?p=1586\"> [...]<\/a>","protected":false},"author":1,"featured_media":1589,"comment_status":"closed","ping_status":"closed","sticky":false,"template":"","format":"standard","meta":{"_exactmetrics_skip_tracking":false,"_exactmetrics_sitenote_active":false,"_exactmetrics_sitenote_note":"","_exactmetrics_sitenote_category":0,"footnotes":""},"categories":[6,1,33,24],"tags":[],"class_list":["post-1586","post","type-post","status-publish","format-standard","has-post-thumbnail","hentry","category-aktualnosci","category-bez-kategorii","category-dzialalnosc","category-polecane"],"_links":{"self":[{"href":"http:\/\/caritas.elblag.pl\/index.php?rest_route=\/wp\/v2\/posts\/1586","targetHints":{"allow":["GET"]}}],"collection":[{"href":"http:\/\/caritas.elblag.pl\/index.php?rest_route=\/wp\/v2\/posts"}],"about":[{"href":"http:\/\/caritas.elblag.pl\/index.php?rest_route=\/wp\/v2\/types\/post"}],"author":[{"embeddable":true,"href":"http:\/\/caritas.elblag.pl\/index.php?rest_route=\/wp\/v2\/users\/1"}],"replies":[{"embeddable":true,"href":"http:\/\/caritas.elblag.pl\/index.php?rest_route=%2Fwp%2Fv2%2Fcomments&post=1586"}],"version-history":[{"count":2,"href":"http:\/\/caritas.elblag.pl\/index.php?rest_route=\/wp\/v2\/posts\/1586\/revisions"}],"predecessor-version":[{"id":1600,"href":"http:\/\/caritas.elblag.pl\/index.php?rest_route=\/wp\/v2\/posts\/1586\/revisions\/1600"}],"wp:featuredmedia":[{"embeddable":true,"href":"http:\/\/caritas.elblag.pl\/index.php?rest_route=\/wp\/v2\/media\/1589"}],"wp:attachment":[{"href":"http:\/\/caritas.elblag.pl\/index.php?rest_route=%2Fwp%2Fv2%2Fmedia&parent=1586"}],"wp:term":[{"taxonomy":"category","embeddable":true,"href":"http:\/\/caritas.elblag.pl\/index.php?rest_route=%2Fwp%2Fv2%2Fcategories&post=1586"},{"taxonomy":"post_tag","embeddable":true,"href":"http:\/\/caritas.elblag.pl\/index.php?rest_route=%2Fwp%2Fv2%2Ftags&post=1586"}],"curies":[{"name":"wp","href":"https:\/\/api.w.org\/{rel}","templated":true}]}}