{"id":1615,"date":"2022-09-16T11:12:41","date_gmt":"2022-09-16T09:12:41","guid":{"rendered":"http:\/\/caritas.elblag.pl\/?p=1615"},"modified":"2022-09-16T11:12:41","modified_gmt":"2022-09-16T09:12:41","slug":"wydarzenia","status":"publish","type":"post","link":"http:\/\/caritas.elblag.pl\/?p=1615","title":{"rendered":"Wydarzenia"},"content":{"rendered":"\n<p><strong>Wakacyjna Akcja Caritas<\/strong><\/p>\n\n\n\n<p>W lipcu i sierpniu w naszym O\u015brodku Kolonijno-Formacyjnym w Mikoszewie zorganizowali\u015bmy trzy turnusy kolonii letnich dla dzieci i m\u0142odzie\u017cy z Ukrainy. Na ka\u017cdym turnusie atrakcj\u0105 by\u0142a wycieczka do Centrum Edukacji i Promocji Regionu w Szymbarku, poznawanie historii Polski i odpoczynek nad Morzem Ba\u0142tyckim.<\/p>\n\n\n\n<p><strong>Paczka dla Ukrainy<\/strong><\/p>\n\n\n\n<p>23 lipca wys\u0142ali\u015bmy kolejny transport pomocy humanitarnej na Ukrain\u0119, tj. art. spo\u017cywcze, higieniczne i bielizn\u0119.<\/p>\n\n\n\n<figure class=\"wp-block-image size-large is-resized\"><a href=\"http:\/\/caritas.elblag.pl\/wp-content\/uploads\/2022\/09\/paczka-scaled.jpg\"><img loading=\"lazy\" decoding=\"async\" src=\"http:\/\/caritas.elblag.pl\/wp-content\/uploads\/2022\/09\/paczka-768x1024.jpg\" alt=\"\" class=\"wp-image-1616\" width=\"312\" height=\"416\" srcset=\"http:\/\/caritas.elblag.pl\/wp-content\/uploads\/2022\/09\/paczka-768x1024.jpg 768w, http:\/\/caritas.elblag.pl\/wp-content\/uploads\/2022\/09\/paczka-225x300.jpg 225w, http:\/\/caritas.elblag.pl\/wp-content\/uploads\/2022\/09\/paczka-1152x1536.jpg 1152w, http:\/\/caritas.elblag.pl\/wp-content\/uploads\/2022\/09\/paczka-1536x2048.jpg 1536w, http:\/\/caritas.elblag.pl\/wp-content\/uploads\/2022\/09\/paczka-scaled.jpg 1920w\" sizes=\"auto, (max-width: 312px) 100vw, 312px\" \/><\/a><\/figure>\n\n\n\n<figure class=\"wp-block-image size-large is-resized\"><a href=\"http:\/\/caritas.elblag.pl\/wp-content\/uploads\/2022\/09\/2.Mikoszewo.jpeg\"><img loading=\"lazy\" decoding=\"async\" src=\"http:\/\/caritas.elblag.pl\/wp-content\/uploads\/2022\/09\/2.Mikoszewo.jpeg\" alt=\"\" class=\"wp-image-1617\" width=\"478\" height=\"269\" srcset=\"http:\/\/caritas.elblag.pl\/wp-content\/uploads\/2022\/09\/2.Mikoszewo.jpeg 850w, http:\/\/caritas.elblag.pl\/wp-content\/uploads\/2022\/09\/2.Mikoszewo-300x169.jpeg 300w, http:\/\/caritas.elblag.pl\/wp-content\/uploads\/2022\/09\/2.Mikoszewo-768x432.jpeg 768w\" sizes=\"auto, (max-width: 478px) 100vw, 478px\" \/><\/a><\/figure>\n\n\n\n<p><\/p>\n","protected":false},"excerpt":{"rendered":"Wakacyjna Akcja Caritas W lipcu i sierpniu w naszym O\u015brodku Kolonijno-Formacyjnym w Mikoszewie zorganizowali\u015bmy trzy turnusy kolonii letnich dla dzieci i m\u0142odzie\u017cy z \n<a class=\"moretag\" href=\"http:\/\/caritas.elblag.pl\/?p=1615\"> [...]<\/a>","protected":false},"author":1,"featured_media":1617,"comment_status":"closed","ping_status":"closed","sticky":false,"template":"","format":"standard","meta":{"_exactmetrics_skip_tracking":false,"_exactmetrics_sitenote_active":false,"_exactmetrics_sitenote_note":"","_exactmetrics_sitenote_category":0,"footnotes":""},"categories":[6,33,24,35,7],"tags":[],"class_list":["post-1615","post","type-post","status-publish","format-standard","has-post-thumbnail","hentry","category-aktualnosci","category-dzialalnosc","category-polecane","category-wakacje","category-zycie-kosciola"],"_links":{"self":[{"href":"http:\/\/caritas.elblag.pl\/index.php?rest_route=\/wp\/v2\/posts\/1615","targetHints":{"allow":["GET"]}}],"collection":[{"href":"http:\/\/caritas.elblag.pl\/index.php?rest_route=\/wp\/v2\/posts"}],"about":[{"href":"http:\/\/caritas.elblag.pl\/index.php?rest_route=\/wp\/v2\/types\/post"}],"author":[{"embeddable":true,"href":"http:\/\/caritas.elblag.pl\/index.php?rest_route=\/wp\/v2\/users\/1"}],"replies":[{"embeddable":true,"href":"http:\/\/caritas.elblag.pl\/index.php?rest_route=%2Fwp%2Fv2%2Fcomments&post=1615"}],"version-history":[{"count":1,"href":"http:\/\/caritas.elblag.pl\/index.php?rest_route=\/wp\/v2\/posts\/1615\/revisions"}],"predecessor-version":[{"id":1618,"href":"http:\/\/caritas.elblag.pl\/index.php?rest_route=\/wp\/v2\/posts\/1615\/revisions\/1618"}],"wp:featuredmedia":[{"embeddable":true,"href":"http:\/\/caritas.elblag.pl\/index.php?rest_route=\/wp\/v2\/media\/1617"}],"wp:attachment":[{"href":"http:\/\/caritas.elblag.pl\/index.php?rest_route=%2Fwp%2Fv2%2Fmedia&parent=1615"}],"wp:term":[{"taxonomy":"category","embeddable":true,"href":"http:\/\/caritas.elblag.pl\/index.php?rest_route=%2Fwp%2Fv2%2Fcategories&post=1615"},{"taxonomy":"post_tag","embeddable":true,"href":"http:\/\/caritas.elblag.pl\/index.php?rest_route=%2Fwp%2Fv2%2Ftags&post=1615"}],"curies":[{"name":"wp","href":"https:\/\/api.w.org\/{rel}","templated":true}]}}