{"id":1619,"date":"2022-09-16T11:17:46","date_gmt":"2022-09-16T09:17:46","guid":{"rendered":"http:\/\/caritas.elblag.pl\/?p=1619"},"modified":"2022-09-16T11:17:46","modified_gmt":"2022-09-16T09:17:46","slug":"punkt-konsultacyjno-informacyjny-w-cde","status":"publish","type":"post","link":"http:\/\/caritas.elblag.pl\/?p=1619","title":{"rendered":"Punkt konsultacyjno &#8211; informacyjny w CDE"},"content":{"rendered":"\n<h2 class=\"wp-block-heading\">Caritas Diecezji Elbl\u0105skiej realizuje zadanie publiczne pod tytu\u0142em:<\/h2>\n\n\n\n<p>\u201e<strong>Prowadzenie punktu konsultacyjno &#8211; informacyjnego, jako wsparcia psychologiczno- pedagogicznego i edukacyjnego oraz realizacja program\u00f3w profilaktycznych, terapeutycznych i rehabilitacyjnych dla os\u00f3b uzale\u017cnionych, wsp\u00f3\u0142uzale\u017cnionych i ich rodzin\u201d<\/strong><\/p>\n\n\n\n<p>W ramach zadania Caritas Diecezji Elbl\u0105skiej od 18 lutego do 31 grudnia 2022r. prowadzi Poradni\u0119 Rodzinn\u0105 przy ul. Zamkowej 17. <strong>Poradnia czynna jest w \u015brody w godzinach 16.00 \u2013 18.00<\/strong> (przerwa wakacyjna VII i VIII), telefon <strong>668\u00a0541 102. <\/strong><\/p>\n\n\n\n<p>W poradni pracuj\u0105 specjali\u015bci: pedagog, psycholog-psychoterapeuta, specjalista od przeciwdzia\u0142ania przemocy w rodzinie, terapeuta uzale\u017cnie\u0144, psychotraumatolog.<\/p>\n\n\n\n<p><strong>Zadanie realizowane jest przy wsp\u00f3\u0142udziale finansowym Urz\u0119du Gminy Miasto Elbl\u0105g<\/strong><\/p>\n\n\n\n<figure class=\"wp-block-image size-large\"><a href=\"http:\/\/caritas.elblag.pl\/wp-content\/uploads\/2021\/01\/herbel.jpg\"><img loading=\"lazy\" decoding=\"async\" width=\"202\" height=\"229\" src=\"http:\/\/caritas.elblag.pl\/wp-content\/uploads\/2021\/01\/herbel.jpg\" alt=\"\" class=\"wp-image-1268\"\/><\/a><\/figure>\n","protected":false},"excerpt":{"rendered":"Caritas Diecezji Elbl\u0105skiej realizuje zadanie publiczne pod tytu\u0142em: \u201eProwadzenie punktu konsultacyjno &#8211; informacyjnego, jako wsparcia psychologiczno- pedagogicznego i edukacyjnego oraz realizacja program\u00f3w profilaktycznych, \n<a class=\"moretag\" href=\"http:\/\/caritas.elblag.pl\/?p=1619\"> [...]<\/a>","protected":false},"author":1,"featured_media":9,"comment_status":"closed","ping_status":"closed","sticky":false,"template":"","format":"standard","meta":{"_exactmetrics_skip_tracking":false,"_exactmetrics_sitenote_active":false,"_exactmetrics_sitenote_note":"","_exactmetrics_sitenote_category":0,"footnotes":""},"categories":[6,33,24,8],"tags":[],"class_list":["post-1619","post","type-post","status-publish","format-standard","has-post-thumbnail","hentry","category-aktualnosci","category-dzialalnosc","category-polecane","category-wolontariat"],"_links":{"self":[{"href":"http:\/\/caritas.elblag.pl\/index.php?rest_route=\/wp\/v2\/posts\/1619","targetHints":{"allow":["GET"]}}],"collection":[{"href":"http:\/\/caritas.elblag.pl\/index.php?rest_route=\/wp\/v2\/posts"}],"about":[{"href":"http:\/\/caritas.elblag.pl\/index.php?rest_route=\/wp\/v2\/types\/post"}],"author":[{"embeddable":true,"href":"http:\/\/caritas.elblag.pl\/index.php?rest_route=\/wp\/v2\/users\/1"}],"replies":[{"embeddable":true,"href":"http:\/\/caritas.elblag.pl\/index.php?rest_route=%2Fwp%2Fv2%2Fcomments&post=1619"}],"version-history":[{"count":1,"href":"http:\/\/caritas.elblag.pl\/index.php?rest_route=\/wp\/v2\/posts\/1619\/revisions"}],"predecessor-version":[{"id":1620,"href":"http:\/\/caritas.elblag.pl\/index.php?rest_route=\/wp\/v2\/posts\/1619\/revisions\/1620"}],"wp:featuredmedia":[{"embeddable":true,"href":"http:\/\/caritas.elblag.pl\/index.php?rest_route=\/wp\/v2\/media\/9"}],"wp:attachment":[{"href":"http:\/\/caritas.elblag.pl\/index.php?rest_route=%2Fwp%2Fv2%2Fmedia&parent=1619"}],"wp:term":[{"taxonomy":"category","embeddable":true,"href":"http:\/\/caritas.elblag.pl\/index.php?rest_route=%2Fwp%2Fv2%2Fcategories&post=1619"},{"taxonomy":"post_tag","embeddable":true,"href":"http:\/\/caritas.elblag.pl\/index.php?rest_route=%2Fwp%2Fv2%2Ftags&post=1619"}],"curies":[{"name":"wp","href":"https:\/\/api.w.org\/{rel}","templated":true}]}}