{"id":1625,"date":"2022-09-16T11:25:00","date_gmt":"2022-09-16T09:25:00","guid":{"rendered":"http:\/\/caritas.elblag.pl\/?p=1625"},"modified":"2022-10-22T19:57:53","modified_gmt":"2022-10-22T17:57:53","slug":"cde-aktywny-senior","status":"publish","type":"post","link":"http:\/\/caritas.elblag.pl\/?p=1625","title":{"rendered":"CDE &#8211; \u201eAktywny senior w ka\u017cdym wieku\u201d"},"content":{"rendered":"\n<h2 class=\"wp-block-heading\">Caritas Diecezji Elbl\u0105skiej realizuje zadanie publiczne pod tytu\u0142em:<\/h2>\n\n\n\n<p><strong>Aktywizacja i przeciwdzia\u0142anie marginalizacji os\u00f3b starszych \u2013 \u201eAktywny senior w ka\u017cdym wieku\u201d<\/strong><\/p>\n\n\n\n<p>Klub Seniora przy Caritas Diecezji Elbl\u0105skiej dzia\u0142a przez ca\u0142y rok i podejmuje dzia\u0142ania zmierzaj\u0105ce do poprawy jako\u015bci \u017cycia senior\u00f3w poprzez umo\u017cliwienie rozwoju zainteresowa\u0144, organizacj\u0119 zaj\u0119\u0107 edukacyjno \u2013 kulturalnych i sportowo \u2013 rekreacyjnych w miejscu zamieszkania.<\/p>\n\n\n\n<p><strong>Zadanie realizowane jest przy wsp\u00f3\u0142udziale finansowym Warmi\u0144sko \u2013 Mazurskiego Urz\u0119du Wojew\u00f3dzkiego w Olsztynie w terminie 01.05-31.12.2022r.<\/strong><\/p>\n\n\n\n<figure class=\"wp-block-image size-large\"><a href=\"http:\/\/caritas.elblag.pl\/wp-content\/uploads\/2022\/09\/image-1.png\"><img loading=\"lazy\" decoding=\"async\" width=\"362\" height=\"119\" src=\"http:\/\/caritas.elblag.pl\/wp-content\/uploads\/2022\/09\/image-1.png\" alt=\"\" class=\"wp-image-1627\" srcset=\"http:\/\/caritas.elblag.pl\/wp-content\/uploads\/2022\/09\/image-1.png 362w, http:\/\/caritas.elblag.pl\/wp-content\/uploads\/2022\/09\/image-1-300x99.png 300w\" sizes=\"auto, (max-width: 362px) 100vw, 362px\" \/><\/a><\/figure>\n\n\n\n<p><\/p>\n","protected":false},"excerpt":{"rendered":"Caritas Diecezji Elbl\u0105skiej realizuje zadanie publiczne pod tytu\u0142em: Aktywizacja i przeciwdzia\u0142anie marginalizacji os\u00f3b starszych \u2013 \u201eAktywny senior w ka\u017cdym wieku\u201d Klub Seniora przy \n<a class=\"moretag\" href=\"http:\/\/caritas.elblag.pl\/?p=1625\"> [...]<\/a>","protected":false},"author":1,"featured_media":582,"comment_status":"closed","ping_status":"closed","sticky":false,"template":"","format":"standard","meta":{"_exactmetrics_skip_tracking":false,"_exactmetrics_sitenote_active":false,"_exactmetrics_sitenote_note":"","_exactmetrics_sitenote_category":0,"footnotes":""},"categories":[6,24,8,7],"tags":[],"class_list":["post-1625","post","type-post","status-publish","format-standard","has-post-thumbnail","hentry","category-aktualnosci","category-polecane","category-wolontariat","category-zycie-kosciola"],"_links":{"self":[{"href":"http:\/\/caritas.elblag.pl\/index.php?rest_route=\/wp\/v2\/posts\/1625","targetHints":{"allow":["GET"]}}],"collection":[{"href":"http:\/\/caritas.elblag.pl\/index.php?rest_route=\/wp\/v2\/posts"}],"about":[{"href":"http:\/\/caritas.elblag.pl\/index.php?rest_route=\/wp\/v2\/types\/post"}],"author":[{"embeddable":true,"href":"http:\/\/caritas.elblag.pl\/index.php?rest_route=\/wp\/v2\/users\/1"}],"replies":[{"embeddable":true,"href":"http:\/\/caritas.elblag.pl\/index.php?rest_route=%2Fwp%2Fv2%2Fcomments&post=1625"}],"version-history":[{"count":4,"href":"http:\/\/caritas.elblag.pl\/index.php?rest_route=\/wp\/v2\/posts\/1625\/revisions"}],"predecessor-version":[{"id":1631,"href":"http:\/\/caritas.elblag.pl\/index.php?rest_route=\/wp\/v2\/posts\/1625\/revisions\/1631"}],"wp:featuredmedia":[{"embeddable":true,"href":"http:\/\/caritas.elblag.pl\/index.php?rest_route=\/wp\/v2\/media\/582"}],"wp:attachment":[{"href":"http:\/\/caritas.elblag.pl\/index.php?rest_route=%2Fwp%2Fv2%2Fmedia&parent=1625"}],"wp:term":[{"taxonomy":"category","embeddable":true,"href":"http:\/\/caritas.elblag.pl\/index.php?rest_route=%2Fwp%2Fv2%2Fcategories&post=1625"},{"taxonomy":"post_tag","embeddable":true,"href":"http:\/\/caritas.elblag.pl\/index.php?rest_route=%2Fwp%2Fv2%2Ftags&post=1625"}],"curies":[{"name":"wp","href":"https:\/\/api.w.org\/{rel}","templated":true}]}}