{"id":1699,"date":"2023-04-08T18:39:15","date_gmt":"2023-04-08T16:39:15","guid":{"rendered":"http:\/\/caritas.elblag.pl\/?p=1699"},"modified":"2023-04-08T18:39:15","modified_gmt":"2023-04-08T16:39:15","slug":"zyczenia-wielkanocne-2023","status":"publish","type":"post","link":"http:\/\/caritas.elblag.pl\/?p=1699","title":{"rendered":"\u017byczenia Wielkanocne 2023"},"content":{"rendered":"\n<p class=\"has-text-align-center\">Obfitych \u0142ask i b\u0142ogos\u0142awie\u0144stw,<br \/>od Chrystusa Zmartwychwsta\u0142ego<br \/>oraz pe\u0142nych pokoju \u015awi\u0105t Wielkanocnych, <br \/>z radosnym Alleluja \u017cyczy<\/p>\n\n\n\n<p class=\"has-text-align-center\">Ks. Wojciech Borowski<\/p>\n\n\n\n<div class=\"wp-block-image\"><figure class=\"aligncenter size-large is-resized\"><a href=\"http:\/\/caritas.elblag.pl\/wp-content\/uploads\/2023\/04\/Jezuszmartwychwstaly.jpg\"><img loading=\"lazy\" decoding=\"async\" src=\"http:\/\/caritas.elblag.pl\/wp-content\/uploads\/2023\/04\/Jezuszmartwychwstaly.jpg\" alt=\"\" class=\"wp-image-1702\" width=\"220\" height=\"440\" srcset=\"http:\/\/caritas.elblag.pl\/wp-content\/uploads\/2023\/04\/Jezuszmartwychwstaly.jpg 220w, http:\/\/caritas.elblag.pl\/wp-content\/uploads\/2023\/04\/Jezuszmartwychwstaly-150x300.jpg 150w\" sizes=\"auto, (max-width: 220px) 100vw, 220px\" \/><\/a><\/figure><\/div>\n","protected":false},"excerpt":{"rendered":"Obfitych \u0142ask i b\u0142ogos\u0142awie\u0144stw,od Chrystusa Zmartwychwsta\u0142egooraz pe\u0142nych pokoju \u015awi\u0105t Wielkanocnych, z radosnym Alleluja \u017cyczy Ks. Wojciech Borowski\n<a class=\"moretag\" href=\"http:\/\/caritas.elblag.pl\/?p=1699\"> [...]<\/a>","protected":false},"author":1,"featured_media":1701,"comment_status":"closed","ping_status":"closed","sticky":false,"template":"","format":"standard","meta":{"_exactmetrics_skip_tracking":false,"_exactmetrics_sitenote_active":false,"_exactmetrics_sitenote_note":"","_exactmetrics_sitenote_category":0,"footnotes":""},"categories":[1,24,7],"tags":[],"class_list":["post-1699","post","type-post","status-publish","format-standard","has-post-thumbnail","hentry","category-bez-kategorii","category-polecane","category-zycie-kosciola"],"_links":{"self":[{"href":"http:\/\/caritas.elblag.pl\/index.php?rest_route=\/wp\/v2\/posts\/1699","targetHints":{"allow":["GET"]}}],"collection":[{"href":"http:\/\/caritas.elblag.pl\/index.php?rest_route=\/wp\/v2\/posts"}],"about":[{"href":"http:\/\/caritas.elblag.pl\/index.php?rest_route=\/wp\/v2\/types\/post"}],"author":[{"embeddable":true,"href":"http:\/\/caritas.elblag.pl\/index.php?rest_route=\/wp\/v2\/users\/1"}],"replies":[{"embeddable":true,"href":"http:\/\/caritas.elblag.pl\/index.php?rest_route=%2Fwp%2Fv2%2Fcomments&post=1699"}],"version-history":[{"count":1,"href":"http:\/\/caritas.elblag.pl\/index.php?rest_route=\/wp\/v2\/posts\/1699\/revisions"}],"predecessor-version":[{"id":1703,"href":"http:\/\/caritas.elblag.pl\/index.php?rest_route=\/wp\/v2\/posts\/1699\/revisions\/1703"}],"wp:featuredmedia":[{"embeddable":true,"href":"http:\/\/caritas.elblag.pl\/index.php?rest_route=\/wp\/v2\/media\/1701"}],"wp:attachment":[{"href":"http:\/\/caritas.elblag.pl\/index.php?rest_route=%2Fwp%2Fv2%2Fmedia&parent=1699"}],"wp:term":[{"taxonomy":"category","embeddable":true,"href":"http:\/\/caritas.elblag.pl\/index.php?rest_route=%2Fwp%2Fv2%2Fcategories&post=1699"},{"taxonomy":"post_tag","embeddable":true,"href":"http:\/\/caritas.elblag.pl\/index.php?rest_route=%2Fwp%2Fv2%2Ftags&post=1699"}],"curies":[{"name":"wp","href":"https:\/\/api.w.org\/{rel}","templated":true}]}}