{"id":1754,"date":"2023-07-08T20:51:57","date_gmt":"2023-07-08T18:51:57","guid":{"rendered":"http:\/\/caritas.elblag.pl\/?p=1754"},"modified":"2023-07-08T20:53:39","modified_gmt":"2023-07-08T18:53:39","slug":"punkt-konsultacyjno-informacyjny-przy-cde","status":"publish","type":"post","link":"http:\/\/caritas.elblag.pl\/?p=1754","title":{"rendered":"Punkt konsultacyjno &#8211; informacyjny przy CDE"},"content":{"rendered":"\n<p>Caritas Diecezji Elbl\u0105skiej realizuje zadanie publiczne pod tytu\u0142em:<\/p>\n\n\n\n<p>\u201e<strong>Prowadzenie punktu konsultacyjno &#8211; informacyjnego, jako wsparcia psychologiczno- pedagogicznego i edukacyjnego oraz realizacja program\u00f3w profilaktycznych, terapeutycznych i rehabilitacyjnych dla os\u00f3b uzale\u017cnionych, wsp\u00f3\u0142uzale\u017cnionych i ich rodzin\u201d<\/strong><\/p>\n\n\n\n<p>W ramach zadania Caritas Diecezji Elbl\u0105skiej od 01 czerwca do 31 grudnia 2023r. prowadzi Poradni\u0119 Rodzinn\u0105 przy ul. Zamkowej 17. <strong>Poradnia czynna jest w \u015brody w godzinach 15.00 \u2013 17.00 (przerwa wakacyjna VII i VIII), telefon 668\u00a0541 102. <\/strong>W poradni pracuj\u0105 specjali\u015bci: <br \/>pedagog, <br \/>psycholog-psychoterapeuta, <br \/>specjalista od przeciwdzia\u0142ania przemocy w rodzinie, <br \/>terapeuta uzale\u017cnie\u0144, <br \/>psychotraumatolog <br \/>i specjalista psychoterapii uzale\u017cnie\u0144.<\/p>\n\n\n\n<div class=\"wp-block-image\"><figure class=\"aligncenter size-large is-resized\"><a href=\"http:\/\/caritas.elblag.pl\/wp-content\/uploads\/2023\/07\/IMG_20230626_155701-scaled.jpg\"><img loading=\"lazy\" decoding=\"async\" src=\"http:\/\/caritas.elblag.pl\/wp-content\/uploads\/2023\/07\/IMG_20230626_155701-1024x768.jpg\" alt=\"\" class=\"wp-image-1756\" width=\"469\" height=\"352\" srcset=\"http:\/\/caritas.elblag.pl\/wp-content\/uploads\/2023\/07\/IMG_20230626_155701-1024x768.jpg 1024w, http:\/\/caritas.elblag.pl\/wp-content\/uploads\/2023\/07\/IMG_20230626_155701-300x225.jpg 300w, http:\/\/caritas.elblag.pl\/wp-content\/uploads\/2023\/07\/IMG_20230626_155701-768x576.jpg 768w, http:\/\/caritas.elblag.pl\/wp-content\/uploads\/2023\/07\/IMG_20230626_155701-1536x1152.jpg 1536w, http:\/\/caritas.elblag.pl\/wp-content\/uploads\/2023\/07\/IMG_20230626_155701-2048x1536.jpg 2048w\" sizes=\"auto, (max-width: 469px) 100vw, 469px\" \/><\/a><\/figure><\/div>\n\n\n\n<p><strong>Zadanie realizowane jest przy wsp\u00f3\u0142udziale finansowym Gminy Miasto Elbl\u0105g<\/strong><\/p>\n\n\n\n<div class=\"wp-block-image\"><figure class=\"aligncenter size-large is-resized\"><a href=\"http:\/\/caritas.elblag.pl\/wp-content\/uploads\/2021\/01\/herbel.jpg\"><img loading=\"lazy\" decoding=\"async\" src=\"http:\/\/caritas.elblag.pl\/wp-content\/uploads\/2021\/01\/herbel.jpg\" alt=\"\" class=\"wp-image-1268\" width=\"137\" height=\"155\"\/><\/a><\/figure><\/div>\n\n\n\n<p><\/p>\n","protected":false},"excerpt":{"rendered":"Caritas Diecezji Elbl\u0105skiej realizuje zadanie publiczne pod tytu\u0142em: \u201eProwadzenie punktu konsultacyjno &#8211; informacyjnego, jako wsparcia psychologiczno- pedagogicznego i edukacyjnego oraz realizacja program\u00f3w profilaktycznych, \n<a class=\"moretag\" href=\"http:\/\/caritas.elblag.pl\/?p=1754\"> [...]<\/a>","protected":false},"author":1,"featured_media":1159,"comment_status":"closed","ping_status":"closed","sticky":false,"template":"","format":"standard","meta":{"_exactmetrics_skip_tracking":false,"_exactmetrics_sitenote_active":false,"_exactmetrics_sitenote_note":"","_exactmetrics_sitenote_category":0,"footnotes":""},"categories":[24,8,7],"tags":[],"class_list":["post-1754","post","type-post","status-publish","format-standard","has-post-thumbnail","hentry","category-polecane","category-wolontariat","category-zycie-kosciola"],"_links":{"self":[{"href":"http:\/\/caritas.elblag.pl\/index.php?rest_route=\/wp\/v2\/posts\/1754","targetHints":{"allow":["GET"]}}],"collection":[{"href":"http:\/\/caritas.elblag.pl\/index.php?rest_route=\/wp\/v2\/posts"}],"about":[{"href":"http:\/\/caritas.elblag.pl\/index.php?rest_route=\/wp\/v2\/types\/post"}],"author":[{"embeddable":true,"href":"http:\/\/caritas.elblag.pl\/index.php?rest_route=\/wp\/v2\/users\/1"}],"replies":[{"embeddable":true,"href":"http:\/\/caritas.elblag.pl\/index.php?rest_route=%2Fwp%2Fv2%2Fcomments&post=1754"}],"version-history":[{"count":4,"href":"http:\/\/caritas.elblag.pl\/index.php?rest_route=\/wp\/v2\/posts\/1754\/revisions"}],"predecessor-version":[{"id":1759,"href":"http:\/\/caritas.elblag.pl\/index.php?rest_route=\/wp\/v2\/posts\/1754\/revisions\/1759"}],"wp:featuredmedia":[{"embeddable":true,"href":"http:\/\/caritas.elblag.pl\/index.php?rest_route=\/wp\/v2\/media\/1159"}],"wp:attachment":[{"href":"http:\/\/caritas.elblag.pl\/index.php?rest_route=%2Fwp%2Fv2%2Fmedia&parent=1754"}],"wp:term":[{"taxonomy":"category","embeddable":true,"href":"http:\/\/caritas.elblag.pl\/index.php?rest_route=%2Fwp%2Fv2%2Fcategories&post=1754"},{"taxonomy":"post_tag","embeddable":true,"href":"http:\/\/caritas.elblag.pl\/index.php?rest_route=%2Fwp%2Fv2%2Ftags&post=1754"}],"curies":[{"name":"wp","href":"https:\/\/api.w.org\/{rel}","templated":true}]}}