{"id":1763,"date":"2023-07-08T21:10:20","date_gmt":"2023-07-08T19:10:20","guid":{"rendered":"http:\/\/caritas.elblag.pl\/?p=1763"},"modified":"2023-07-08T21:27:49","modified_gmt":"2023-07-08T19:27:49","slug":"dzien-dziecka-2023","status":"publish","type":"post","link":"http:\/\/caritas.elblag.pl\/?p=1763","title":{"rendered":"Dzie\u0144 Dziecka 2023"},"content":{"rendered":"\n<p>W ramach projektu z Caritas Polska \u201eDzie\u0144 Dziecka \u2013 Pude\u0142ko Szcz\u0119\u015bcia\u201d<\/p>\n\n\n\n<p>otrzymali\u015bmy s\u0142odycze, maskotki od firmy BIEDRONKA i \u201epude\u0142ka szcz\u0119\u015bcia\u201d od firmy MONDI. Dodatkowo Caritas Diecezji Elbl\u0105skiej z tej samej okazji zakupi\u0142a s\u0142odycze dla dzieci.<\/p>\n\n\n\n<p>Siedem parafii naszej diecezji zorganizowa\u0142o gry i zabawy dla dzieci oraz festyny rodzinne. By\u0142o wiele atrakcji, rado\u015bci i widocznego na twarzach dzieci szcz\u0119\u015bcia.<\/p>\n\n\n\n<figure class=\"wp-block-image size-large is-resized\"><a href=\"http:\/\/caritas.elblag.pl\/wp-content\/uploads\/2023\/07\/4.-Dzien-Dziecka.jpg\"><img loading=\"lazy\" decoding=\"async\" src=\"http:\/\/caritas.elblag.pl\/wp-content\/uploads\/2023\/07\/4.-Dzien-Dziecka-1024x473.jpg\" alt=\"\" class=\"wp-image-1764\" width=\"400\" height=\"185\" srcset=\"http:\/\/caritas.elblag.pl\/wp-content\/uploads\/2023\/07\/4.-Dzien-Dziecka-1024x473.jpg 1024w, http:\/\/caritas.elblag.pl\/wp-content\/uploads\/2023\/07\/4.-Dzien-Dziecka-300x138.jpg 300w, http:\/\/caritas.elblag.pl\/wp-content\/uploads\/2023\/07\/4.-Dzien-Dziecka-768x354.jpg 768w, http:\/\/caritas.elblag.pl\/wp-content\/uploads\/2023\/07\/4.-Dzien-Dziecka-1536x709.jpg 1536w, http:\/\/caritas.elblag.pl\/wp-content\/uploads\/2023\/07\/4.-Dzien-Dziecka-2048x945.jpg 2048w\" sizes=\"auto, (max-width: 400px) 100vw, 400px\" \/><\/a><\/figure>\n\n\n\n<figure class=\"wp-block-image size-large is-resized\"><a href=\"http:\/\/caritas.elblag.pl\/wp-content\/uploads\/2023\/07\/3.-Dzien-Dziecka-scaled.jpg\"><img loading=\"lazy\" decoding=\"async\" src=\"http:\/\/caritas.elblag.pl\/wp-content\/uploads\/2023\/07\/3.-Dzien-Dziecka-768x1024.jpg\" alt=\"\" class=\"wp-image-1769\" width=\"402\" height=\"537\" srcset=\"http:\/\/caritas.elblag.pl\/wp-content\/uploads\/2023\/07\/3.-Dzien-Dziecka-768x1024.jpg 768w, http:\/\/caritas.elblag.pl\/wp-content\/uploads\/2023\/07\/3.-Dzien-Dziecka-225x300.jpg 225w, http:\/\/caritas.elblag.pl\/wp-content\/uploads\/2023\/07\/3.-Dzien-Dziecka-1152x1536.jpg 1152w, http:\/\/caritas.elblag.pl\/wp-content\/uploads\/2023\/07\/3.-Dzien-Dziecka-1536x2048.jpg 1536w, http:\/\/caritas.elblag.pl\/wp-content\/uploads\/2023\/07\/3.-Dzien-Dziecka-scaled.jpg 1920w\" sizes=\"auto, (max-width: 402px) 100vw, 402px\" \/><\/a><\/figure>\n\n\n\n<figure class=\"wp-block-image size-large is-resized\"><a href=\"http:\/\/caritas.elblag.pl\/wp-content\/uploads\/2023\/07\/2.-Dzien-Dziecka-2.jpg\"><img loading=\"lazy\" decoding=\"async\" src=\"http:\/\/caritas.elblag.pl\/wp-content\/uploads\/2023\/07\/2.-Dzien-Dziecka-2.jpg\" alt=\"\" class=\"wp-image-1768\" width=\"405\" height=\"304\"\/><\/a><\/figure>\n\n\n\n<figure class=\"wp-block-image size-large is-resized\"><a href=\"http:\/\/caritas.elblag.pl\/wp-content\/uploads\/2023\/07\/6.-Dzien-Dziecka-rotated.jpg\"><img loading=\"lazy\" decoding=\"async\" src=\"http:\/\/caritas.elblag.pl\/wp-content\/uploads\/2023\/07\/6.-Dzien-Dziecka-768x1024.jpg\" alt=\"\" class=\"wp-image-1770\" width=\"408\" height=\"544\" srcset=\"http:\/\/caritas.elblag.pl\/wp-content\/uploads\/2023\/07\/6.-Dzien-Dziecka-768x1024.jpg 768w, http:\/\/caritas.elblag.pl\/wp-content\/uploads\/2023\/07\/6.-Dzien-Dziecka-225x300.jpg 225w, http:\/\/caritas.elblag.pl\/wp-content\/uploads\/2023\/07\/6.-Dzien-Dziecka-rotated.jpg 960w\" sizes=\"auto, (max-width: 408px) 100vw, 408px\" \/><\/a><\/figure>\n\n\n\n<figure class=\"wp-block-image size-large is-resized\"><a href=\"http:\/\/caritas.elblag.pl\/wp-content\/uploads\/2023\/07\/5.-Dzien-Dziecka-rotated.jpg\"><img loading=\"lazy\" decoding=\"async\" src=\"http:\/\/caritas.elblag.pl\/wp-content\/uploads\/2023\/07\/5.-Dzien-Dziecka-768x1024.jpg\" alt=\"\" class=\"wp-image-1771\" width=\"410\" height=\"547\" srcset=\"http:\/\/caritas.elblag.pl\/wp-content\/uploads\/2023\/07\/5.-Dzien-Dziecka-768x1024.jpg 768w, http:\/\/caritas.elblag.pl\/wp-content\/uploads\/2023\/07\/5.-Dzien-Dziecka-225x300.jpg 225w, http:\/\/caritas.elblag.pl\/wp-content\/uploads\/2023\/07\/5.-Dzien-Dziecka-rotated.jpg 960w\" sizes=\"auto, (max-width: 410px) 100vw, 410px\" \/><\/a><\/figure>\n","protected":false},"excerpt":{"rendered":"W ramach projektu z Caritas Polska \u201eDzie\u0144 Dziecka \u2013 Pude\u0142ko Szcz\u0119\u015bcia\u201d otrzymali\u015bmy s\u0142odycze, maskotki od firmy BIEDRONKA i \u201epude\u0142ka szcz\u0119\u015bcia\u201d od firmy MONDI. \n<a class=\"moretag\" href=\"http:\/\/caritas.elblag.pl\/?p=1763\"> [...]<\/a>","protected":false},"author":1,"featured_media":1779,"comment_status":"closed","ping_status":"closed","sticky":false,"template":"","format":"standard","meta":{"_exactmetrics_skip_tracking":false,"_exactmetrics_sitenote_active":false,"_exactmetrics_sitenote_note":"","_exactmetrics_sitenote_category":0,"footnotes":""},"categories":[6,33,24,8],"tags":[],"class_list":["post-1763","post","type-post","status-publish","format-standard","has-post-thumbnail","hentry","category-aktualnosci","category-dzialalnosc","category-polecane","category-wolontariat"],"_links":{"self":[{"href":"http:\/\/caritas.elblag.pl\/index.php?rest_route=\/wp\/v2\/posts\/1763","targetHints":{"allow":["GET"]}}],"collection":[{"href":"http:\/\/caritas.elblag.pl\/index.php?rest_route=\/wp\/v2\/posts"}],"about":[{"href":"http:\/\/caritas.elblag.pl\/index.php?rest_route=\/wp\/v2\/types\/post"}],"author":[{"embeddable":true,"href":"http:\/\/caritas.elblag.pl\/index.php?rest_route=\/wp\/v2\/users\/1"}],"replies":[{"embeddable":true,"href":"http:\/\/caritas.elblag.pl\/index.php?rest_route=%2Fwp%2Fv2%2Fcomments&post=1763"}],"version-history":[{"count":1,"href":"http:\/\/caritas.elblag.pl\/index.php?rest_route=\/wp\/v2\/posts\/1763\/revisions"}],"predecessor-version":[{"id":1772,"href":"http:\/\/caritas.elblag.pl\/index.php?rest_route=\/wp\/v2\/posts\/1763\/revisions\/1772"}],"wp:featuredmedia":[{"embeddable":true,"href":"http:\/\/caritas.elblag.pl\/index.php?rest_route=\/wp\/v2\/media\/1779"}],"wp:attachment":[{"href":"http:\/\/caritas.elblag.pl\/index.php?rest_route=%2Fwp%2Fv2%2Fmedia&parent=1763"}],"wp:term":[{"taxonomy":"category","embeddable":true,"href":"http:\/\/caritas.elblag.pl\/index.php?rest_route=%2Fwp%2Fv2%2Fcategories&post=1763"},{"taxonomy":"post_tag","embeddable":true,"href":"http:\/\/caritas.elblag.pl\/index.php?rest_route=%2Fwp%2Fv2%2Ftags&post=1763"}],"curies":[{"name":"wp","href":"https:\/\/api.w.org\/{rel}","templated":true}]}}