{"id":180,"date":"2015-04-23T11:13:18","date_gmt":"2015-04-23T09:13:18","guid":{"rendered":"http:\/\/caritaselblag.pl\/?p=180"},"modified":"2017-05-12T22:21:22","modified_gmt":"2017-05-12T20:21:22","slug":"sprawozdanie-z-dzialalnosci-cde-w-roku-2014","status":"publish","type":"post","link":"http:\/\/caritas.elblag.pl\/?p=180","title":{"rendered":"Sprawozdanie z dzia\u0142alno\u015bci CDE w roku 2015"},"content":{"rendered":"<p><strong>SPRAWOZDANIE MERYTORYCZNE Z DZIA\u0141ALNO\u015aCI\u00a0<\/strong><strong>CARITAS DIECEZJI ELBL\u0104SKIEJ W ROKU 2015.<\/strong><\/p>\n<p><strong>Statutowa dzia\u0142alno\u015b\u0107 d\u0142ugoterminowa<\/strong><\/p>\n<p><strong>1. Parafialne Zespo\u0142y Caritas \u2013 PZC<\/strong><br \/>\nW roku sprawozdawczym pracowa\u0142o 79 Parafialnych Zespo\u0142\u00f3w Caritas, z 550 wolontariuszkami i wolontariuszami. W roku sprawozdawczym odby\u0142o si\u0119 10 spotka\u0144 formacyjno-informacyjnych w Diecezji Elbl\u0105skiej.<br \/>\nCelem spotka\u0144 szkoleniowo-formacyjnych by\u0142o i jest: dzielenie si\u0119 do\u015bwiadczeniem z dotychczasowej pracy w PZC; motywowanie do zak\u0142adania nowych PZC; wzajemne poznawanie si\u0119 wolontariuszy; poruszanie problem\u00f3w bie\u017c\u0105cych; dzielenie si\u0119 sukcesami i pora\u017ckami w celu wypracowania lepszych modeli pracy.<br \/>\nPrzypominano i zach\u0119cano zespo\u0142y PZC do w\u0142\u0105czania si\u0119 b\u0105d\u017a organizowania r\u00f3\u017cnorodnych akcji, m.in:<br \/>\n&#8211; Dni Chorych ( w tym odwiedzania chorych w ci\u0105gu roku), \u015bwietlic dzieci\u0119cych i m\u0142odzie\u017cowych, klub\u00f3w seniora;<br \/>\n&#8211; imprez charytatywnych: Dni Dziecka, festyn\u00f3w, parafiad, loterii, \u015bw. Miko\u0142aja itd.;<br \/>\n&#8211; zimowego i letniego wypoczynku dla dzieci i m\u0142odzie\u017cy;<br \/>\n&#8211; zbi\u00f3rek \u017cywno\u015bci, odzie\u017cy, \u015brodk\u00f3w czysto\u015bci i higieny osobistej;<br \/>\n&#8211; dystrybucji zebranych artyku\u0142\u00f3w.<br \/>\nPZC sw\u0105 wytrwa\u0142\u0105 prac\u0105 staraj\u0105 si\u0119 zaradzi\u0107 r\u00f3\u017cnym formom biedy i ub\u00f3stwa. \u015awietlice dla dzieci prowadzone s\u0105 w Mor\u0105gu, Malborku (do grudnia 2015 r.), Tolkmicku i Elbl\u0105gu.<br \/>\n.<\/p>\n<p><strong>2. Szkolne Ko\u0142a Caritas &#8211; SKC<\/strong><\/p>\n<p>Szkolne Ko\u0142a Caritas to organizacja Ko\u015bcio\u0142a Katolickiego, dzia\u0142aj\u0105ca na terenie szko\u0142y, posiadaj\u0105ca sw\u00f3j Regulamin oraz Statut wypracowany przez specjalist\u00f3w z prawa ko\u015bcielnego i \u015bwieckiego. SKC stanowi\u0105 wspania\u0142\u0105 mo\u017cliwo\u015b\u0107 formacji dzieci i m\u0142odzie\u017cy. Daj\u0105 szans\u0119 czynnego zaanga\u017cowania uczestnik\u00f3w \u2013 cz\u0119sto przysz\u0142ych wolontariuszy \u2013 pracy na polu parafialnym. W roku 2015 dzia\u0142a\u0142o 43 Szkolnych K\u00f3\u0142 Caritas. W sumie skupiaj\u0105 one 700 uczestnik\u00f3w i 44 opiekun\u00f3w. Od lipca 2015r. zosta\u0142 powo\u0142any nowy koordynator SKC ks. \u0141ukasz Jakubowski.<br \/>\n<strong>3. Program PEAD<\/strong><\/p>\n<p>Po dziesi\u0119ciu latach program PEAD zosta\u0142 zamkni\u0119ty z ko\u0144cem roku 2014.<br \/>\nOd 2015 r. mia\u0142 wej\u015b\u0107 w \u017cycie nowy program o nazwie FEAD, jednak\u017ce z powodu warunk\u00f3w umowy niemo\u017cliwych do spe\u0142nienia, Caritas w Polsce nie wesz\u0142a w niego.<br \/>\n<strong>4. Jad\u0142odajnia Caritas Diecezji Elbl\u0105skiej<\/strong><\/p>\n<p>Dziewi\u0105ty rok dzia\u0142a\u0142a jad\u0142odajnia CDE przy ul. Zamkowej 17 w Elbl\u0105gu, dzi\u0119ki dotacji Urz\u0119du Miejskiego w Elbl\u0105gu, i udzia\u0142owi w\u0142asnemu (rzeczowym, materialnym i pracy wolontariuszy). wydawa\u0142a posi\u0142ki dla 120 os\u00f3b w miesi\u0105cach stycze\u0144 \u2013 marzec oraz listopad \u2013 grudzie\u0144. Zorganizowano tak\u017ce \u015bniadanie wielkanocne i wieczerz\u0119 wigilijn\u0105.<br \/>\n<strong>5. Klub Seniora CDE<\/strong><\/p>\n<p>Kontynuowano sz\u00f3sty rok dzia\u0142alno\u015bci. Odbywa\u0142y si\u0119 spotkania klubowicz\u00f3w, jak i zapraszano ciekawych ludzi, by podzielili si\u0119 sw\u0105 wiedz\u0105, do\u015bwiadczeniem, opowie\u015bciami z podr\u00f3\u017cy, historii, kultury itd. Zorganizowane zosta\u0142o \u015bniadanie wielkanocne i Wieczerza Wigilijna dla uczestnik\u00f3w i go\u015bci, po\u0142\u0105czone z Msz\u0105 \u015awi\u0119t\u0105 w kaplicy siedziby Caritas. Tradycyjnie zorganizowano par\u0119 wycieczek, tak\u017ce dalszych oraz wycieczki w plener. Starano si\u0119 o stworzenie mi\u0142ej atmosfery, aby osoby starsze mog\u0142y poczu\u0107 si\u0119 jak w domu.<br \/>\n<strong>6. Poradnia Rodzinna CDE<\/strong><\/p>\n<p>Dzi\u0119ki zaanga\u017cowaniu os\u00f3b pracuj\u0105cych w niej cz\u0119\u015bciowo woluntarystycznie oraz dotacjom pozyskanym z miasta Elbl\u0105g, \u015bwiadczy\u0142a pomoc rodzinom i osobom indywidualnym. Pracowali w niej: psycholog-psychoterapeuta, mediator, negocjator rodzinny, pedagog, familiolog,, etyk i duszpasterz oraz policjant, wyspecjalizowany w sprawach przemocy domowej. Czynna by\u0142a w \u015brody od 16.00 do 18.00 przy ul. Zamkowej 17 w Elbl\u0105gu, cho\u0107 w praktyce prowadz\u0105cy przepracowali wi\u0119cej godzin z powodu coraz wi\u0119kszej liczby os\u00f3b z problemami. Ponad sto siedemdziesi\u0105t z nich mog\u0142o skorzysta\u0107 z nieodp\u0142atnej formy pomocy.<br \/>\n<strong>7. Hortiterapia \u2013 ogr\u00f3d CDE przy ul. Zamkowej 17 w Elbl\u0105gu<\/strong><\/p>\n<p>Kontynuowa\u0142a odwiedziny w ramach hortiterapii \u015awietlica \u015arodowiskowa przy ul. Winnej w Elbl\u0105gu. Z ogrodu korzysta\u0142 Klub Seniora CDE. Z powodu prowadzonych prac modernizacyjnych (wzgl\u0119dy bezpiecze\u0144stwa), nie mieli jeszcze do\u0144 dost\u0119pu s\u0105siedzi z najbli\u017cszych okolic. Od pocz\u0105tku sezonu ogrodowego 2016 r. b\u0119dzie to mo\u017cliwe.<\/p>\n<p><strong>8. \u201eSeniora Victoria\u201d<\/strong><\/p>\n<p>10 grudnia 2014 r. uruchomiono uroczy\u015bcie \u2013 z po\u015bwi\u0119ceniem przez Ksi\u0119dza Biskupa Elbl\u0105skiego, ks. dr. Jacka Jezierskiego i udzia\u0142em licznych go\u015bci \u2013 now\u0105 plac\u00f3wk\u0119 pod nazw\u0105 Seniora Victoria, Jednostka Dzia\u0142alno\u015bci Gospodarczej Caritas Diecezji Elbl\u0105skiej. Zatrudnia ona cztery osoby: pracownika socjalnego, 2 fizjoterapeut\u00f3w i technika masa\u017cyst\u0119 . W jej ramach dzia\u0142a Klub Seniora oraz plac\u00f3wka rehabilitacyjna w Elbl\u0105gu przy ul. Wiejskiej 5. . W poradni rehabilitacyjnej mo\u017cna skorzysta\u0107 z masa\u017cu r\u0119cznego , lasera, gimnastyki usprawniaj\u0105cej. W roku 2015 dodatkowo wyposa\u017cono plac\u00f3wk\u0119 w :<br \/>\n&#8211; sprz\u0119t do magnetoterapii,<br \/>\n&#8211; elektroterapii<br \/>\ni terapii ultrad\u017awi\u0119kami.<br \/>\nMiejsce w klubie jest dla 25 os\u00f3b.<\/p>\n<p><strong>II. Akcje coroczne<\/strong><br \/>\n<strong>1. Ja\u0142mu\u017cna wielkopostna<\/strong><br \/>\nPodobnie jak w ubieg\u0142ym tak i w roku sprawozdawczym, CDE na okres Wielkiego Postu, rozprowadzi\u0142a 20 tysi\u0119cy skarbonek. W\u0142\u0105czy\u0142a si\u0119 w ten spos\u00f3b w akcj\u0119 og\u00f3lnopolsk\u0105. Celem by\u0142o wzbudzanie wra\u017cliwo\u015bci na potrzeby biedniejszych ni\u017c my sami oraz zasilenia PZC i SKC w \u015brodki finansowe na prowadzon\u0105 dzia\u0142alno\u015b\u0107. Zebrane ofiary zosta\u0142y \u2013 wzorem ubieg\u0142ych lat \u2013 w ca\u0142o\u015bci do dyspozycji PZC i SKC oraz innych zespo\u0142\u00f3w charytatywnych w parafiach.<\/p>\n<p><strong>2. \u015awiece wielkanocne<\/strong><br \/>\nW roku sprawozdawczym uda\u0142o si\u0119 rozprowadzi\u0107 nieco ponad trzy tysi\u0105ce \u015bwiec wielkanocnych. Dokona\u0142o si\u0119 to przez parafie, kt\u00f3re zechcia\u0142y wzi\u0105\u0107 udzia\u0142 w tej og\u00f3lnopolskiej inicjatywie.<\/p>\n<p><strong>3. Dzie\u0144 Dziecka<\/strong><br \/>\nWzorem lat ubieg\u0142ych CDE uczestniczy\u0142a w zorganizowaniu Dnia Dziecka i festyn\u00f3w rodzinnych wraz z kilkoma parafiami naszej Diecezji.<\/p>\n<p><strong>4. Kolonie letnie<\/strong><br \/>\nW miesi\u0105cach czerwiec \u2013 sierpie\u0144 zorganizowano w O\u015brodku CDE Mikoszewie wypoczynek dla 365 dzieci w tym 22 dzieci z Litwy.<br \/>\nOgromne podzi\u0119kowania kierujemy pod adresem wolontariuszek i wolontariuszy \u2013 fachowej kadry kolonijnej \u2013 podj\u0119li si\u0119 tej niezwykle wymagaj\u0105cej pracy wychowawczej. Dzi\u0119ki ich po\u015bwi\u0119ceniu mo\u017cliwe by\u0142o przeprowadzenie tegorocznych kolonii na wysokim poziome opieki \u2013 podobnie jak w ubieg\u0142ych latach. B\u00f3g im zap\u0142a\u0107!<\/p>\n<p><strong>4. \u015awi\u0119ty Miko\u0142a<\/strong>j<br \/>\n05 grudnia w Teatrze im. A. Sewruka w Elbl\u0105gu odby\u0142y si\u0119 trzy przedstawienia dla 1100 dzieci i os\u00f3b niepe\u0142nosprawnych (10.00, 11.30 i 13.00). Spektakl przygotowali i odegrali klerycy Wy\u017cszego Seminarium Duchownego w Elbl\u0105gu, bawi\u0105c zebran\u0105 publiczno\u015b\u0107. Na zako\u0144czenie ka\u017cde dziecko otrzyma\u0142o paczk\u0119 ze s\u0142odyczami. Dzi\u0119kujemy wszystkim sponsorom i wolontariuszom, dzi\u0119ki kt\u00f3rym mogli\u015bmy wywo\u0142a\u0107 u\u015bmiech na twarzach dzieci, a tak\u017ce towarzysz\u0105cych im doros\u0142ych.<\/p>\n<p><strong>5. Wigilijne Dzie\u0142o Pomocy Dzieciom<\/strong><br \/>\nWe wszystkich parafiach Diecezji Elbl\u0105skiej rozprowadzano \u015bwiece powy\u017cszej og\u00f3lnopolskiej akcji. Rozprowadzono \u2013 27 tysi\u0119cy \u015bwiec ma\u0142ych , i tysi\u0105c szt. \u015bwiec \u015brednich oraz 1.500 szt \u015bwiec kolorowych. Wida\u0107 wyra\u017any spadek w stosunku do lat ubieg\u0142ych \u2013 jeszcze 10 lat temu by\u0142o to 40 tysi\u0119cy \u015bwiec. Ofiary z tego Dzie\u0142a przeznaczane s\u0105 m.in. na wypoczynek dzieci z ubogich rodzin Diecezji Elbl\u0105skiej oraz pozosta\u0142\u0105 dzia\u0142alno\u015b\u0107 statutow\u0105. Cz\u0119\u015b\u0107 \u015brodk\u00f3w przekazywana jest do Caritas Polska (10 groszy od \u015bwiecy) oraz do dyspozycji zespo\u0142\u00f3w charytatywnych w parafiach i SKC.<br \/>\n<strong>III. Akcje okazjonalne<\/strong><br \/>\n\u2022 udzielono kilku stypendi\u00f3w krajowych z zagranicznych:<br \/>\n\u2022 wsparto artyku\u0142ami \u017cywno\u015bciowymi \u015brodkami czysto\u015bci przeprowadzenie p\u00f3\u0142kolonii zimowych w Elbl\u0105gu i Tolkmicku;<br \/>\n\u2022 za po\u015brednictwem PZC rozdano ok. 300 kg odzie\u017cy u\u017cywanej;<br \/>\n\u2022 udzielono pomocy w pozyskaniu \u015brodk\u00f3w finansowych na konkretne projekty: parafii salezja\u0144skiej w Tolkmicku, Siostrom Jadwi\u017cankom w Elbl\u0105gu prowadz\u0105cym Dom Opieki dla dzieci upo\u015bledzonych;<br \/>\n\u2022 udzielono wsparcia rzeczowego siostrom Karmelitankom w Elbl\u0105gu;<br \/>\n\u2022 udzielono innych form pomocy w ramach dzia\u0142a\u0144 statutowych CDE i CDE OPP.<\/p>\n<p><strong>IV. Pozosta\u0142e<\/strong><\/p>\n<p><strong>1. O\u015brodek Formacyjno \u2013 Kolonijny w Mikoszewie<\/strong><br \/>\nWiosn\u0105 przeprowadzono kolejne niezb\u0119dne prace modernizacyjno-konserwacyjne w kilkunastu domkach mieszkalnych, \u015bwietlicy, kuchni, budynku gospodarczym oraz placu zabaw.<br \/>\n. wymieniono stare na nowe poszycie dachowe nad wiat\u0105<br \/>\n. zorganizowano nowy plac zabaw dla dzieci<br \/>\n. zainstalowano monitoring na terenie o\u015brodka<br \/>\n\/ pomoc w znacznym stopniu od Energa SA i Caritas Polska \/<\/p>\n<p><strong>2. Remonty siedziby g\u0142\u00f3wnej CDE<\/strong><br \/>\n\u2022 prowadzono prace ogrodowe przez ca\u0142y sezon;<br \/>\n\u2022 wykonano kolejne roboty zwi\u0119kszaj\u0105ce estetyk\u0119 i u\u017cytkowo\u015b\u0107 ogrodu hortiterapii, m.in. wykonano \u0142awki do odpoczynku;<br \/>\n\u2022 wymieniono monitoring w obiekcie na bardziej nowoczesny<br \/>\n. wymieniono dach w kaplicy budynku na nowy \/pomoc w znacznym stopniu<br \/>\nz Kurii Diecezji Elbl\u0105skiej \/<br \/>\n. modernizacja wiaty od strony podw\u00f3rka<\/p>\n<p><strong>. Inne<\/strong><br \/>\nZ ko\u0144cem roku 2015 nast\u0105pi\u0142a zmiana na stanowisku zast\u0119pcy dyr. CDE<br \/>\nzosta\u0142 powo\u0142any ks. Dariusz Juszczak<br \/>\nElbl\u0105g, 14.01.2016r.<\/p>\n<p>Ks. Wojciech Borowski<br \/>\nDyrektor Caritas Diecezji Elbl\u0105skiej<\/p>\n","protected":false},"excerpt":{"rendered":"SPRAWOZDANIE MERYTORYCZNE Z DZIA\u0141ALNO\u015aCI\u00a0CARITAS DIECEZJI ELBL\u0104SKIEJ W ROKU 2015. Statutowa dzia\u0142alno\u015b\u0107 d\u0142ugoterminowa 1. Parafialne Zespo\u0142y Caritas \u2013 PZC W roku sprawozdawczym pracowa\u0142o 79 \n<a class=\"moretag\" href=\"http:\/\/caritas.elblag.pl\/?p=180\"> [...]<\/a>","protected":false},"author":1,"featured_media":185,"comment_status":"closed","ping_status":"closed","sticky":false,"template":"","format":"standard","meta":{"_exactmetrics_skip_tracking":false,"_exactmetrics_sitenote_active":false,"_exactmetrics_sitenote_note":"","_exactmetrics_sitenote_category":0,"footnotes":""},"categories":[33],"tags":[16,17,13,18,15,11,12],"class_list":["post-180","post","type-post","status-publish","format-standard","has-post-thumbnail","hentry","category-dzialalnosc","tag-akcje","tag-dzien-dziecka","tag-klub-seniora","tag-kolonie-letnie","tag-poradnia-rodzinna","tag-pzc","tag-skc"],"_links":{"self":[{"href":"http:\/\/caritas.elblag.pl\/index.php?rest_route=\/wp\/v2\/posts\/180","targetHints":{"allow":["GET"]}}],"collection":[{"href":"http:\/\/caritas.elblag.pl\/index.php?rest_route=\/wp\/v2\/posts"}],"about":[{"href":"http:\/\/caritas.elblag.pl\/index.php?rest_route=\/wp\/v2\/types\/post"}],"author":[{"embeddable":true,"href":"http:\/\/caritas.elblag.pl\/index.php?rest_route=\/wp\/v2\/users\/1"}],"replies":[{"embeddable":true,"href":"http:\/\/caritas.elblag.pl\/index.php?rest_route=%2Fwp%2Fv2%2Fcomments&post=180"}],"version-history":[{"count":4,"href":"http:\/\/caritas.elblag.pl\/index.php?rest_route=\/wp\/v2\/posts\/180\/revisions"}],"predecessor-version":[{"id":479,"href":"http:\/\/caritas.elblag.pl\/index.php?rest_route=\/wp\/v2\/posts\/180\/revisions\/479"}],"wp:featuredmedia":[{"embeddable":true,"href":"http:\/\/caritas.elblag.pl\/index.php?rest_route=\/wp\/v2\/media\/185"}],"wp:attachment":[{"href":"http:\/\/caritas.elblag.pl\/index.php?rest_route=%2Fwp%2Fv2%2Fmedia&parent=180"}],"wp:term":[{"taxonomy":"category","embeddable":true,"href":"http:\/\/caritas.elblag.pl\/index.php?rest_route=%2Fwp%2Fv2%2Fcategories&post=180"},{"taxonomy":"post_tag","embeddable":true,"href":"http:\/\/caritas.elblag.pl\/index.php?rest_route=%2Fwp%2Fv2%2Ftags&post=180"}],"curies":[{"name":"wp","href":"https:\/\/api.w.org\/{rel}","templated":true}]}}