{"id":1949,"date":"2024-04-12T09:55:28","date_gmt":"2024-04-12T07:55:28","guid":{"rendered":"http:\/\/caritas.elblag.pl\/?p=1949"},"modified":"2024-04-12T09:55:28","modified_gmt":"2024-04-12T07:55:28","slug":"caritas-diecezji-elblaskiej-realizuje-zadanie-publiczne-porady-indywidualne-dla-osob-i-rodzin-wspoluzaleznionych","status":"publish","type":"post","link":"http:\/\/caritas.elblag.pl\/?p=1949","title":{"rendered":"Caritas Diecezji Elbl\u0105skiej realizuje zadanie publiczne &#8211; \u201ePorady indywidualne dla os\u00f3b i rodzin wsp\u00f3\u0142uzale\u017cnionych\u201d"},"content":{"rendered":"\n<p>W ramach zadania Caritas Diecezji Elbl\u0105skiej od 01 kwietnia do 29 czerwca 2024r. prowadzi Poradni\u0119 Rodzinn\u0105 przy ul. Zamkowej 17. <strong>Poradnia czynna jest w \u015brody w godzinach 15.00 \u2013 17.00, telefon 668\u00a0541 102. <\/strong>W poradni pracuj\u0105 specjali\u015bci: pedagog, psycholog, specjalista od przeciwdzia\u0142ania przemocy w rodzinie i psychotraumatolog.<\/p>\n\n\n\n<p><strong>Zadanie realizowane jest przy wsp\u00f3\u0142udziale finansowym Gminy Miasto Elbl\u0105g<\/strong><\/p>\n\n\n\n<figure class=\"wp-block-image size-large is-resized\"><a href=\"http:\/\/caritas.elblag.pl\/wp-content\/uploads\/2023\/11\/image.png\"><img loading=\"lazy\" decoding=\"async\" src=\"http:\/\/caritas.elblag.pl\/wp-content\/uploads\/2023\/11\/image.png\" alt=\"\" class=\"wp-image-1822\" width=\"162\" height=\"183\"\/><\/a><\/figure>\n\n\n\n<p><\/p>\n","protected":false},"excerpt":{"rendered":"W ramach zadania Caritas Diecezji Elbl\u0105skiej od 01 kwietnia do 29 czerwca 2024r. prowadzi Poradni\u0119 Rodzinn\u0105 przy ul. Zamkowej 17. Poradnia czynna jest \n<a class=\"moretag\" href=\"http:\/\/caritas.elblag.pl\/?p=1949\"> [...]<\/a>","protected":false},"author":1,"featured_media":832,"comment_status":"closed","ping_status":"closed","sticky":false,"template":"","format":"standard","meta":{"_exactmetrics_skip_tracking":false,"_exactmetrics_sitenote_active":false,"_exactmetrics_sitenote_note":"","_exactmetrics_sitenote_category":0,"footnotes":""},"categories":[33,24,8],"tags":[],"class_list":["post-1949","post","type-post","status-publish","format-standard","has-post-thumbnail","hentry","category-dzialalnosc","category-polecane","category-wolontariat"],"_links":{"self":[{"href":"http:\/\/caritas.elblag.pl\/index.php?rest_route=\/wp\/v2\/posts\/1949","targetHints":{"allow":["GET"]}}],"collection":[{"href":"http:\/\/caritas.elblag.pl\/index.php?rest_route=\/wp\/v2\/posts"}],"about":[{"href":"http:\/\/caritas.elblag.pl\/index.php?rest_route=\/wp\/v2\/types\/post"}],"author":[{"embeddable":true,"href":"http:\/\/caritas.elblag.pl\/index.php?rest_route=\/wp\/v2\/users\/1"}],"replies":[{"embeddable":true,"href":"http:\/\/caritas.elblag.pl\/index.php?rest_route=%2Fwp%2Fv2%2Fcomments&post=1949"}],"version-history":[{"count":2,"href":"http:\/\/caritas.elblag.pl\/index.php?rest_route=\/wp\/v2\/posts\/1949\/revisions"}],"predecessor-version":[{"id":1951,"href":"http:\/\/caritas.elblag.pl\/index.php?rest_route=\/wp\/v2\/posts\/1949\/revisions\/1951"}],"wp:featuredmedia":[{"embeddable":true,"href":"http:\/\/caritas.elblag.pl\/index.php?rest_route=\/wp\/v2\/media\/832"}],"wp:attachment":[{"href":"http:\/\/caritas.elblag.pl\/index.php?rest_route=%2Fwp%2Fv2%2Fmedia&parent=1949"}],"wp:term":[{"taxonomy":"category","embeddable":true,"href":"http:\/\/caritas.elblag.pl\/index.php?rest_route=%2Fwp%2Fv2%2Fcategories&post=1949"},{"taxonomy":"post_tag","embeddable":true,"href":"http:\/\/caritas.elblag.pl\/index.php?rest_route=%2Fwp%2Fv2%2Ftags&post=1949"}],"curies":[{"name":"wp","href":"https:\/\/api.w.org\/{rel}","templated":true}]}}