{"id":2002,"date":"2024-09-19T15:06:40","date_gmt":"2024-09-19T13:06:40","guid":{"rendered":"http:\/\/caritas.elblag.pl\/?p=2002"},"modified":"2024-09-19T15:06:40","modified_gmt":"2024-09-19T13:06:40","slug":"dzialalnosc-caritas-aktualnosci","status":"publish","type":"post","link":"http:\/\/caritas.elblag.pl\/?p=2002","title":{"rendered":"Dzia\u0142alno\u015b\u0107 Caritas &#8211; aktualno\u015bci"},"content":{"rendered":"\n<p>Informacje bie\u017c\u0105ce z dzia\u0142alno\u015bci Caritas Diecezji Elbl\u0105skiej<\/p>\n\n\n\n<ol class=\"wp-block-list\"><li><strong>Trwa \u201dProgram Na Codzienne Zakupy\u201d<\/strong>, obejmuj\u0105cy 240 najbardziej potrzebuj\u0105cych senior\u00f3w w naszej Diecezji. Program musi by\u0107 na bie\u017c\u0105co monitorowany czy wydatki z kart dokonywane s\u0105 prawid\u0142owo, by ich nie zmarnowa\u0107.<\/li><li><strong>W Caritas Diecezji Elbl\u0105skiej O\u015brodku Kolonijno-Formacyjnym zako\u0144czyli\u015bmy akcj\u0119 wypoczynku rodzin i grup zorganizowanych.<\/strong><\/li><li>Po urlopowej przerwie z pocz\u0105tkiem wrze\u015bnia <strong>wznowi\u0142y dzia\u0142ania oba Kluby Senior\u00f3w Caritas Diecezji Elbl\u0105skiej, Poradnia Rodzinna i Centrum Pomocy Migrantom i Uchod\u017acom<\/strong>.<\/li><li><strong>Rozprowadzamy<\/strong> w naszej Diecezji ulotki Caritas Polska z zach\u0119t\u0105 do ratowania chrze\u015bcijan na Bliskim wschodzie poprzez program Rodzina Rodzinie.<\/li><li>W lipcu przeprowadzono <strong>pilny remont cz\u0119\u015bci dachu budynku g\u0142\u00f3wnego <\/strong>(40 metr\u00f3w kwadratowych) ze \u015brodk\u00f3w w\u0142asnych. Wykonano <strong>docieplenie dachu budynku Jad\u0142odajni i Klubu Seniora <\/strong>oraz nowe pokrycie dachowe wraz z po\u0142o\u017ceniem nowej papy i wykonaniem obr\u00f3bek blacharskich. Na t\u0119 cz\u0119\u015b\u0107 remontu pozyskali\u015bmy dotacj\u0119.<\/li><li>Od lipca do pocz\u0105tku wrze\u015bnia <strong>wydano w ramach pomocy<\/strong> Ukrainie materace, sk\u0142adane przegrody mi\u0119dzy \u0142\u00f3\u017ckami, koce, poduszki i \u0142\u00f3\u017cka polowe. Wy\u017cej wymienione rzeczy otrzymali\u015bmy z Caritas Polska.<\/li><\/ol>\n\n\n\n<p><\/p>\n","protected":false},"excerpt":{"rendered":"Informacje bie\u017c\u0105ce z dzia\u0142alno\u015bci Caritas Diecezji Elbl\u0105skiej Trwa \u201dProgram Na Codzienne Zakupy\u201d, obejmuj\u0105cy 240 najbardziej potrzebuj\u0105cych senior\u00f3w w naszej Diecezji. Program musi by\u0107 \n<a class=\"moretag\" href=\"http:\/\/caritas.elblag.pl\/?p=2002\"> [...]<\/a>","protected":false},"author":1,"featured_media":2003,"comment_status":"closed","ping_status":"closed","sticky":false,"template":"","format":"standard","meta":{"_exactmetrics_skip_tracking":false,"_exactmetrics_sitenote_active":false,"_exactmetrics_sitenote_note":"","_exactmetrics_sitenote_category":0,"footnotes":""},"categories":[6,24,7],"tags":[],"class_list":["post-2002","post","type-post","status-publish","format-standard","has-post-thumbnail","hentry","category-aktualnosci","category-polecane","category-zycie-kosciola"],"_links":{"self":[{"href":"http:\/\/caritas.elblag.pl\/index.php?rest_route=\/wp\/v2\/posts\/2002","targetHints":{"allow":["GET"]}}],"collection":[{"href":"http:\/\/caritas.elblag.pl\/index.php?rest_route=\/wp\/v2\/posts"}],"about":[{"href":"http:\/\/caritas.elblag.pl\/index.php?rest_route=\/wp\/v2\/types\/post"}],"author":[{"embeddable":true,"href":"http:\/\/caritas.elblag.pl\/index.php?rest_route=\/wp\/v2\/users\/1"}],"replies":[{"embeddable":true,"href":"http:\/\/caritas.elblag.pl\/index.php?rest_route=%2Fwp%2Fv2%2Fcomments&post=2002"}],"version-history":[{"count":1,"href":"http:\/\/caritas.elblag.pl\/index.php?rest_route=\/wp\/v2\/posts\/2002\/revisions"}],"predecessor-version":[{"id":2004,"href":"http:\/\/caritas.elblag.pl\/index.php?rest_route=\/wp\/v2\/posts\/2002\/revisions\/2004"}],"wp:featuredmedia":[{"embeddable":true,"href":"http:\/\/caritas.elblag.pl\/index.php?rest_route=\/wp\/v2\/media\/2003"}],"wp:attachment":[{"href":"http:\/\/caritas.elblag.pl\/index.php?rest_route=%2Fwp%2Fv2%2Fmedia&parent=2002"}],"wp:term":[{"taxonomy":"category","embeddable":true,"href":"http:\/\/caritas.elblag.pl\/index.php?rest_route=%2Fwp%2Fv2%2Fcategories&post=2002"},{"taxonomy":"post_tag","embeddable":true,"href":"http:\/\/caritas.elblag.pl\/index.php?rest_route=%2Fwp%2Fv2%2Ftags&post=2002"}],"curies":[{"name":"wp","href":"https:\/\/api.w.org\/{rel}","templated":true}]}}