{"id":2025,"date":"2024-09-27T18:39:30","date_gmt":"2024-09-27T16:39:30","guid":{"rendered":"http:\/\/caritas.elblag.pl\/?p=2025"},"modified":"2024-09-27T18:39:30","modified_gmt":"2024-09-27T16:39:30","slug":"na-pomoc-powodzianom","status":"publish","type":"post","link":"http:\/\/caritas.elblag.pl\/?p=2025","title":{"rendered":"Na pomoc powodzianom"},"content":{"rendered":"\n<h2 class=\"wp-block-heading\">Caritas Diecezji Elbl\u0105skiej przekaza\u0142a do Caritas Polska drug\u0105 transz\u0119 pieni\u0119dzy ze zbi\u00f3rki ofiar 22.09.2024 w wysoko\u015bci 120,735,00 pln. na pomoc powodzianom.<\/h2>\n\n\n\n<p><strong>Trwa zbi\u00f3rka produkt\u00f3w rolnych.<\/strong><\/p>\n\n\n\n<figure class=\"wp-block-image size-large is-resized\"><a href=\"http:\/\/caritas.elblag.pl\/wp-content\/uploads\/2024\/09\/IMG-20240918-WA0007.jpg\"><img loading=\"lazy\" decoding=\"async\" src=\"http:\/\/caritas.elblag.pl\/wp-content\/uploads\/2024\/09\/IMG-20240918-WA0007-724x1024.jpg\" alt=\"\" class=\"wp-image-2007\" width=\"574\" height=\"812\" srcset=\"http:\/\/caritas.elblag.pl\/wp-content\/uploads\/2024\/09\/IMG-20240918-WA0007-724x1024.jpg 724w, http:\/\/caritas.elblag.pl\/wp-content\/uploads\/2024\/09\/IMG-20240918-WA0007-212x300.jpg 212w, http:\/\/caritas.elblag.pl\/wp-content\/uploads\/2024\/09\/IMG-20240918-WA0007-768x1086.jpg 768w, http:\/\/caritas.elblag.pl\/wp-content\/uploads\/2024\/09\/IMG-20240918-WA0007-1086x1536.jpg 1086w, http:\/\/caritas.elblag.pl\/wp-content\/uploads\/2024\/09\/IMG-20240918-WA0007.jpg 1131w\" sizes=\"auto, (max-width: 574px) 100vw, 574px\" \/><\/a><\/figure>\n","protected":false},"excerpt":{"rendered":"Caritas Diecezji Elbl\u0105skiej przekaza\u0142a do Caritas Polska drug\u0105 transz\u0119 pieni\u0119dzy ze zbi\u00f3rki ofiar 22.09.2024 w wysoko\u015bci 120,735,00 pln. na pomoc powodzianom. Trwa zbi\u00f3rka \n<a class=\"moretag\" href=\"http:\/\/caritas.elblag.pl\/?p=2025\"> [...]<\/a>","protected":false},"author":1,"featured_media":2027,"comment_status":"closed","ping_status":"closed","sticky":false,"template":"","format":"standard","meta":{"_exactmetrics_skip_tracking":false,"_exactmetrics_sitenote_active":false,"_exactmetrics_sitenote_note":"","_exactmetrics_sitenote_category":0,"footnotes":""},"categories":[6,33,24,37,8],"tags":[],"class_list":["post-2025","post","type-post","status-publish","format-standard","has-post-thumbnail","hentry","category-aktualnosci","category-dzialalnosc","category-polecane","category-powodz","category-wolontariat"],"_links":{"self":[{"href":"http:\/\/caritas.elblag.pl\/index.php?rest_route=\/wp\/v2\/posts\/2025","targetHints":{"allow":["GET"]}}],"collection":[{"href":"http:\/\/caritas.elblag.pl\/index.php?rest_route=\/wp\/v2\/posts"}],"about":[{"href":"http:\/\/caritas.elblag.pl\/index.php?rest_route=\/wp\/v2\/types\/post"}],"author":[{"embeddable":true,"href":"http:\/\/caritas.elblag.pl\/index.php?rest_route=\/wp\/v2\/users\/1"}],"replies":[{"embeddable":true,"href":"http:\/\/caritas.elblag.pl\/index.php?rest_route=%2Fwp%2Fv2%2Fcomments&post=2025"}],"version-history":[{"count":2,"href":"http:\/\/caritas.elblag.pl\/index.php?rest_route=\/wp\/v2\/posts\/2025\/revisions"}],"predecessor-version":[{"id":2028,"href":"http:\/\/caritas.elblag.pl\/index.php?rest_route=\/wp\/v2\/posts\/2025\/revisions\/2028"}],"wp:featuredmedia":[{"embeddable":true,"href":"http:\/\/caritas.elblag.pl\/index.php?rest_route=\/wp\/v2\/media\/2027"}],"wp:attachment":[{"href":"http:\/\/caritas.elblag.pl\/index.php?rest_route=%2Fwp%2Fv2%2Fmedia&parent=2025"}],"wp:term":[{"taxonomy":"category","embeddable":true,"href":"http:\/\/caritas.elblag.pl\/index.php?rest_route=%2Fwp%2Fv2%2Fcategories&post=2025"},{"taxonomy":"post_tag","embeddable":true,"href":"http:\/\/caritas.elblag.pl\/index.php?rest_route=%2Fwp%2Fv2%2Ftags&post=2025"}],"curies":[{"name":"wp","href":"https:\/\/api.w.org\/{rel}","templated":true}]}}