{"id":2029,"date":"2024-10-04T21:55:28","date_gmt":"2024-10-04T19:55:28","guid":{"rendered":"http:\/\/caritas.elblag.pl\/?p=2029"},"modified":"2024-10-04T21:58:23","modified_gmt":"2024-10-04T19:58:23","slug":"pomoc-dla-powodzian","status":"publish","type":"post","link":"http:\/\/caritas.elblag.pl\/?p=2029","title":{"rendered":"Pomoc dla powodzian"},"content":{"rendered":"\n<p>Wys\u0142ali\u015bmy transport z pomoc\u0105 dla powodzian z zebranymi darami:<\/p>\n\n\n\n<p>&#8211; art. spo\u017cywcze o d\u0142ugim terminie wa\u017cno\u015bci<br \/><br \/>&#8211; \u015brodki czysto\u015bci<br \/><br \/>&#8211; nagrzewnice<br \/><br \/>&#8211; lampy budowlane<br \/><br \/>&#8211; agregaty pr\u0105dotw\u00f3rcze<\/p>\n\n\n\n<figure class=\"wp-block-image size-large is-resized\"><a href=\"http:\/\/caritas.elblag.pl\/wp-content\/uploads\/2024\/10\/3.-Lampa-budowlana-scaled.jpg\"><img loading=\"lazy\" decoding=\"async\" src=\"http:\/\/caritas.elblag.pl\/wp-content\/uploads\/2024\/10\/3.-Lampa-budowlana-768x1024.jpg\" alt=\"\" class=\"wp-image-2032\" width=\"453\" height=\"604\" srcset=\"http:\/\/caritas.elblag.pl\/wp-content\/uploads\/2024\/10\/3.-Lampa-budowlana-768x1024.jpg 768w, http:\/\/caritas.elblag.pl\/wp-content\/uploads\/2024\/10\/3.-Lampa-budowlana-225x300.jpg 225w, http:\/\/caritas.elblag.pl\/wp-content\/uploads\/2024\/10\/3.-Lampa-budowlana-1152x1536.jpg 1152w, http:\/\/caritas.elblag.pl\/wp-content\/uploads\/2024\/10\/3.-Lampa-budowlana-1536x2048.jpg 1536w, http:\/\/caritas.elblag.pl\/wp-content\/uploads\/2024\/10\/3.-Lampa-budowlana-scaled.jpg 1920w\" sizes=\"auto, (max-width: 453px) 100vw, 453px\" \/><\/a><\/figure>\n\n\n\n<figure class=\"wp-block-image size-large is-resized\"><a href=\"http:\/\/caritas.elblag.pl\/wp-content\/uploads\/2024\/10\/2.-Transport-darow-dla-powodzian-1-scaled.jpg\"><img loading=\"lazy\" decoding=\"async\" src=\"http:\/\/caritas.elblag.pl\/wp-content\/uploads\/2024\/10\/2.-Transport-darow-dla-powodzian-1-768x1024.jpg\" alt=\"\" class=\"wp-image-2033\" width=\"457\" height=\"609\" srcset=\"http:\/\/caritas.elblag.pl\/wp-content\/uploads\/2024\/10\/2.-Transport-darow-dla-powodzian-1-768x1024.jpg 768w, http:\/\/caritas.elblag.pl\/wp-content\/uploads\/2024\/10\/2.-Transport-darow-dla-powodzian-1-225x300.jpg 225w, http:\/\/caritas.elblag.pl\/wp-content\/uploads\/2024\/10\/2.-Transport-darow-dla-powodzian-1-1152x1536.jpg 1152w, http:\/\/caritas.elblag.pl\/wp-content\/uploads\/2024\/10\/2.-Transport-darow-dla-powodzian-1-1536x2048.jpg 1536w, http:\/\/caritas.elblag.pl\/wp-content\/uploads\/2024\/10\/2.-Transport-darow-dla-powodzian-1-scaled.jpg 1920w\" sizes=\"auto, (max-width: 457px) 100vw, 457px\" \/><\/a><\/figure>\n\n\n\n<figure class=\"wp-block-image size-large is-resized\"><a href=\"http:\/\/caritas.elblag.pl\/wp-content\/uploads\/2024\/10\/1.-Transport-darow-scaled.jpg\"><img loading=\"lazy\" decoding=\"async\" src=\"http:\/\/caritas.elblag.pl\/wp-content\/uploads\/2024\/10\/1.-Transport-darow-768x1024.jpg\" alt=\"\" class=\"wp-image-2034\" width=\"459\" height=\"612\" srcset=\"http:\/\/caritas.elblag.pl\/wp-content\/uploads\/2024\/10\/1.-Transport-darow-768x1024.jpg 768w, http:\/\/caritas.elblag.pl\/wp-content\/uploads\/2024\/10\/1.-Transport-darow-225x300.jpg 225w, http:\/\/caritas.elblag.pl\/wp-content\/uploads\/2024\/10\/1.-Transport-darow-1152x1536.jpg 1152w, http:\/\/caritas.elblag.pl\/wp-content\/uploads\/2024\/10\/1.-Transport-darow-1536x2048.jpg 1536w, http:\/\/caritas.elblag.pl\/wp-content\/uploads\/2024\/10\/1.-Transport-darow-scaled.jpg 1920w\" sizes=\"auto, (max-width: 459px) 100vw, 459px\" \/><\/a><\/figure>\n","protected":false},"excerpt":{"rendered":"Wys\u0142ali\u015bmy transport z pomoc\u0105 dla powodzian z zebranymi darami: &#8211; art. spo\u017cywcze o d\u0142ugim terminie wa\u017cno\u015bci &#8211; \u015brodki czysto\u015bci &#8211; nagrzewnice &#8211; lampy \n<a class=\"moretag\" href=\"http:\/\/caritas.elblag.pl\/?p=2029\"> [...]<\/a>","protected":false},"author":1,"featured_media":2031,"comment_status":"closed","ping_status":"closed","sticky":false,"template":"","format":"standard","meta":{"_exactmetrics_skip_tracking":false,"_exactmetrics_sitenote_active":false,"_exactmetrics_sitenote_note":"","_exactmetrics_sitenote_category":0,"footnotes":""},"categories":[6,33,24,37,8,7],"tags":[],"class_list":["post-2029","post","type-post","status-publish","format-standard","has-post-thumbnail","hentry","category-aktualnosci","category-dzialalnosc","category-polecane","category-powodz","category-wolontariat","category-zycie-kosciola"],"_links":{"self":[{"href":"http:\/\/caritas.elblag.pl\/index.php?rest_route=\/wp\/v2\/posts\/2029","targetHints":{"allow":["GET"]}}],"collection":[{"href":"http:\/\/caritas.elblag.pl\/index.php?rest_route=\/wp\/v2\/posts"}],"about":[{"href":"http:\/\/caritas.elblag.pl\/index.php?rest_route=\/wp\/v2\/types\/post"}],"author":[{"embeddable":true,"href":"http:\/\/caritas.elblag.pl\/index.php?rest_route=\/wp\/v2\/users\/1"}],"replies":[{"embeddable":true,"href":"http:\/\/caritas.elblag.pl\/index.php?rest_route=%2Fwp%2Fv2%2Fcomments&post=2029"}],"version-history":[{"count":5,"href":"http:\/\/caritas.elblag.pl\/index.php?rest_route=\/wp\/v2\/posts\/2029\/revisions"}],"predecessor-version":[{"id":2038,"href":"http:\/\/caritas.elblag.pl\/index.php?rest_route=\/wp\/v2\/posts\/2029\/revisions\/2038"}],"wp:featuredmedia":[{"embeddable":true,"href":"http:\/\/caritas.elblag.pl\/index.php?rest_route=\/wp\/v2\/media\/2031"}],"wp:attachment":[{"href":"http:\/\/caritas.elblag.pl\/index.php?rest_route=%2Fwp%2Fv2%2Fmedia&parent=2029"}],"wp:term":[{"taxonomy":"category","embeddable":true,"href":"http:\/\/caritas.elblag.pl\/index.php?rest_route=%2Fwp%2Fv2%2Fcategories&post=2029"},{"taxonomy":"post_tag","embeddable":true,"href":"http:\/\/caritas.elblag.pl\/index.php?rest_route=%2Fwp%2Fv2%2Ftags&post=2029"}],"curies":[{"name":"wp","href":"https:\/\/api.w.org\/{rel}","templated":true}]}}