{"id":2052,"date":"2024-11-06T10:01:45","date_gmt":"2024-11-06T09:01:45","guid":{"rendered":"http:\/\/caritas.elblag.pl\/?p=2052"},"modified":"2024-11-06T10:01:45","modified_gmt":"2024-11-06T09:01:45","slug":"jadlodajnia-dla-bezdomnych","status":"publish","type":"post","link":"http:\/\/caritas.elblag.pl\/?p=2052","title":{"rendered":"Jad\u0142odajnia dla bezdomnych"},"content":{"rendered":"\n<p>Caritas Diecezji Elbl\u0105skiej realizuje zadanie publiczne pod tytu\u0142em:<\/p>\n\n\n\n<p>\u201e<strong>Jad\u0142odajnia dla os\u00f3b bezdomnych i zagro\u017conych bezdomno\u015bci\u0105\u201d<\/strong><\/p>\n\n\n\n<p><strong>Umowa Nr PS-VII.946.8.1.2024.B z dnia 16.10.2024r.<\/strong><\/p>\n\n\n\n<p>Caritas Diecezji Elbl\u0105skiej od 01 sierpnia do 31 grudnia 2024r. prowadzi Jad\u0142odajni\u0119 dla os\u00f3b bezdomnych przy ul. Zamkowej 17, kt\u00f3ra czynna jest od poniedzia\u0142ku do soboty w godzinach 11.30 \u2013 13.00.<\/p>\n\n\n\n<p><strong>Zadanie realizowane jest przy wsp\u00f3\u0142udziale finansowym Warmi\u0144sko \u2013 Mazurskiego Urz\u0119du Wojew\u00f3dzkiego w Olsztynie<\/strong><\/p>\n\n\n\n<figure class=\"wp-block-image size-large\"><a href=\"http:\/\/caritas.elblag.pl\/wp-content\/uploads\/2024\/11\/image.png\"><img loading=\"lazy\" decoding=\"async\" width=\"362\" height=\"119\" src=\"http:\/\/caritas.elblag.pl\/wp-content\/uploads\/2024\/11\/image.png\" alt=\"\" class=\"wp-image-2053\" srcset=\"http:\/\/caritas.elblag.pl\/wp-content\/uploads\/2024\/11\/image.png 362w, http:\/\/caritas.elblag.pl\/wp-content\/uploads\/2024\/11\/image-300x99.png 300w\" sizes=\"auto, (max-width: 362px) 100vw, 362px\" \/><\/a><\/figure>\n","protected":false},"excerpt":{"rendered":"Caritas Diecezji Elbl\u0105skiej realizuje zadanie publiczne pod tytu\u0142em: \u201eJad\u0142odajnia dla os\u00f3b bezdomnych i zagro\u017conych bezdomno\u015bci\u0105\u201d Umowa Nr PS-VII.946.8.1.2024.B z dnia 16.10.2024r. Caritas Diecezji \n<a class=\"moretag\" href=\"http:\/\/caritas.elblag.pl\/?p=2052\"> [...]<\/a>","protected":false},"author":1,"featured_media":525,"comment_status":"closed","ping_status":"closed","sticky":false,"template":"","format":"standard","meta":{"_exactmetrics_skip_tracking":false,"_exactmetrics_sitenote_active":false,"_exactmetrics_sitenote_note":"","_exactmetrics_sitenote_category":0,"footnotes":""},"categories":[6,33,24,8,7],"tags":[],"class_list":["post-2052","post","type-post","status-publish","format-standard","has-post-thumbnail","hentry","category-aktualnosci","category-dzialalnosc","category-polecane","category-wolontariat","category-zycie-kosciola"],"_links":{"self":[{"href":"http:\/\/caritas.elblag.pl\/index.php?rest_route=\/wp\/v2\/posts\/2052","targetHints":{"allow":["GET"]}}],"collection":[{"href":"http:\/\/caritas.elblag.pl\/index.php?rest_route=\/wp\/v2\/posts"}],"about":[{"href":"http:\/\/caritas.elblag.pl\/index.php?rest_route=\/wp\/v2\/types\/post"}],"author":[{"embeddable":true,"href":"http:\/\/caritas.elblag.pl\/index.php?rest_route=\/wp\/v2\/users\/1"}],"replies":[{"embeddable":true,"href":"http:\/\/caritas.elblag.pl\/index.php?rest_route=%2Fwp%2Fv2%2Fcomments&post=2052"}],"version-history":[{"count":1,"href":"http:\/\/caritas.elblag.pl\/index.php?rest_route=\/wp\/v2\/posts\/2052\/revisions"}],"predecessor-version":[{"id":2054,"href":"http:\/\/caritas.elblag.pl\/index.php?rest_route=\/wp\/v2\/posts\/2052\/revisions\/2054"}],"wp:featuredmedia":[{"embeddable":true,"href":"http:\/\/caritas.elblag.pl\/index.php?rest_route=\/wp\/v2\/media\/525"}],"wp:attachment":[{"href":"http:\/\/caritas.elblag.pl\/index.php?rest_route=%2Fwp%2Fv2%2Fmedia&parent=2052"}],"wp:term":[{"taxonomy":"category","embeddable":true,"href":"http:\/\/caritas.elblag.pl\/index.php?rest_route=%2Fwp%2Fv2%2Fcategories&post=2052"},{"taxonomy":"post_tag","embeddable":true,"href":"http:\/\/caritas.elblag.pl\/index.php?rest_route=%2Fwp%2Fv2%2Ftags&post=2052"}],"curies":[{"name":"wp","href":"https:\/\/api.w.org\/{rel}","templated":true}]}}