{"id":2064,"date":"2024-12-08T21:53:06","date_gmt":"2024-12-08T20:53:06","guid":{"rendered":"http:\/\/caritas.elblag.pl\/?p=2064"},"modified":"2024-12-09T18:08:39","modified_gmt":"2024-12-09T17:08:39","slug":"poradnia-rodzinna-2","status":"publish","type":"post","link":"http:\/\/caritas.elblag.pl\/?p=2064","title":{"rendered":"Poradnia Rodzinna"},"content":{"rendered":"\n<p><strong>zapewnia wsparcie pedagogiczne, psychologiczne<br \/>osobom doros\u0142ym i rodzinom<\/strong><\/p>\n\n\n\n<p><strong>Caritas Diecezji Elbl\u0105skiej, ul. Zamkowa 17<\/strong><\/p>\n\n\n\n<p><strong>Pracuj\u0105 tu specjali\u015bci z zakresu:<\/strong><\/p>\n\n\n\n<ul class=\"wp-block-list\"><li>psychologii<\/li><li>mediacji<\/li><li>psychotraumatologii<\/li><li>terapii uzale\u017cnie\u0144<\/li><li>pedagogiki<\/li><li>psychoterapii<\/li><li>przeciwdzia\u0142ania przemocy w rodzinie<\/li><li>konsultacji rodzinnych<\/li><\/ul>\n\n\n\n<p>Poradnia dzia\u0142a na zasadzie kr\u00f3tkofalowego wsparcia, edukacji i udzielania porad oraz informacji.<\/p>\n\n\n\n<p><strong>Zadzwo\u0144 i um\u00f3w si\u0119 na spotkanie<\/strong><\/p>\n\n\n\n<p><strong>tel. 668 541&nbsp;102<\/strong><\/p>\n\n\n\n<p>od poniedzia\u0142ku do pi\u0105tku<\/p>\n\n\n\n<p>(stycze\u0144\u2013czerwiec, wrzesie\u0144\u2013grudzie\u0144)<\/p>\n\n\n\n<p><strong>Poradnia czynna w ka\u017cd\u0105 \u015brod\u0119 w godz. 15.00\u201317.00<\/strong><\/p>\n\n\n\n<p><strong>Caritas Diecezji Elbl\u0105skiej, ul. Zamkowa 17<\/strong><\/p>\n\n\n\n<figure class=\"wp-block-image size-large is-resized\"><a href=\"http:\/\/caritas.elblag.pl\/wp-content\/uploads\/2024\/12\/image.png\"><img loading=\"lazy\" decoding=\"async\" src=\"http:\/\/caritas.elblag.pl\/wp-content\/uploads\/2024\/12\/image.png\" alt=\"\" class=\"wp-image-2066\" width=\"184\" height=\"229\"\/><\/a><\/figure>\n","protected":false},"excerpt":{"rendered":"zapewnia wsparcie pedagogiczne, psychologiczneosobom doros\u0142ym i rodzinom Caritas Diecezji Elbl\u0105skiej, ul. Zamkowa 17 Pracuj\u0105 tu specjali\u015bci z zakresu: psychologii mediacji psychotraumatologii terapii uzale\u017cnie\u0144 \n<a class=\"moretag\" href=\"http:\/\/caritas.elblag.pl\/?p=2064\"> [...]<\/a>","protected":false},"author":1,"featured_media":9,"comment_status":"closed","ping_status":"closed","sticky":false,"template":"","format":"standard","meta":{"_exactmetrics_skip_tracking":false,"_exactmetrics_sitenote_active":false,"_exactmetrics_sitenote_note":"","_exactmetrics_sitenote_category":0,"footnotes":""},"categories":[6,33,24],"tags":[],"class_list":["post-2064","post","type-post","status-publish","format-standard","has-post-thumbnail","hentry","category-aktualnosci","category-dzialalnosc","category-polecane"],"_links":{"self":[{"href":"http:\/\/caritas.elblag.pl\/index.php?rest_route=\/wp\/v2\/posts\/2064","targetHints":{"allow":["GET"]}}],"collection":[{"href":"http:\/\/caritas.elblag.pl\/index.php?rest_route=\/wp\/v2\/posts"}],"about":[{"href":"http:\/\/caritas.elblag.pl\/index.php?rest_route=\/wp\/v2\/types\/post"}],"author":[{"embeddable":true,"href":"http:\/\/caritas.elblag.pl\/index.php?rest_route=\/wp\/v2\/users\/1"}],"replies":[{"embeddable":true,"href":"http:\/\/caritas.elblag.pl\/index.php?rest_route=%2Fwp%2Fv2%2Fcomments&post=2064"}],"version-history":[{"count":5,"href":"http:\/\/caritas.elblag.pl\/index.php?rest_route=\/wp\/v2\/posts\/2064\/revisions"}],"predecessor-version":[{"id":2071,"href":"http:\/\/caritas.elblag.pl\/index.php?rest_route=\/wp\/v2\/posts\/2064\/revisions\/2071"}],"wp:featuredmedia":[{"embeddable":true,"href":"http:\/\/caritas.elblag.pl\/index.php?rest_route=\/wp\/v2\/media\/9"}],"wp:attachment":[{"href":"http:\/\/caritas.elblag.pl\/index.php?rest_route=%2Fwp%2Fv2%2Fmedia&parent=2064"}],"wp:term":[{"taxonomy":"category","embeddable":true,"href":"http:\/\/caritas.elblag.pl\/index.php?rest_route=%2Fwp%2Fv2%2Fcategories&post=2064"},{"taxonomy":"post_tag","embeddable":true,"href":"http:\/\/caritas.elblag.pl\/index.php?rest_route=%2Fwp%2Fv2%2Ftags&post=2064"}],"curies":[{"name":"wp","href":"https:\/\/api.w.org\/{rel}","templated":true}]}}