{"id":2119,"date":"2025-02-17T11:58:43","date_gmt":"2025-02-17T10:58:43","guid":{"rendered":"http:\/\/caritas.elblag.pl\/?p=2119"},"modified":"2025-04-17T14:05:15","modified_gmt":"2025-04-17T12:05:15","slug":"klub-seniora-przy-caritas-diecezji-elblaskiej-2","status":"publish","type":"post","link":"http:\/\/caritas.elblag.pl\/?p=2119","title":{"rendered":"Klub Seniora przy Caritas Diecezji Elbl\u0105skiej"},"content":{"rendered":"\n<p>Klub Seniora przy Caritas Diecezji Elbl\u0105skiej dzia\u0142a przez ca\u0142y rok kalendarzowy i podejmuje dzia\u0142ania zmierzaj\u0105ce do poprawy jako\u015bci \u017cycia senior\u00f3w poprzez umo\u017cliwienie rozwoju zainteresowa\u0144, organizacj\u0119 zaj\u0119\u0107 edukacyjno \u2013 kulturalnych i sportowo \u2013 rekreacyjnych. S\u0105 prowadzone warsztaty r\u0119kodzielnicze, artystyczne i kulinarne. W ramach aktywizacji kulturalnej seniorzy uczestnicz\u0105 w spektaklach teatralnych i seansach kinowych. Celem dzia\u0142alno\u015bci Klubu jest przeciwdzia\u0142anie spo\u0142ecznemu wykluczeniu os\u00f3b starszych oraz walka ze stereotypowym wizerunkiem nieaktywnego seniora. Dzi\u0119ki integracji seniorzy czuj\u0105 si\u0119 o par\u0119 lat m\u0142odsi i zapominaj\u0105 o samotno\u015bci.<\/p>\n\n\n\n<figure class=\"wp-block-image size-large\"><a href=\"http:\/\/caritas.elblag.pl\/wp-content\/uploads\/2025\/02\/1000001687-scaled.jpg\"><img loading=\"lazy\" decoding=\"async\" width=\"1024\" height=\"768\" src=\"http:\/\/caritas.elblag.pl\/wp-content\/uploads\/2025\/02\/1000001687-1024x768.jpg\" alt=\"\" class=\"wp-image-2163\" srcset=\"http:\/\/caritas.elblag.pl\/wp-content\/uploads\/2025\/02\/1000001687-1024x768.jpg 1024w, http:\/\/caritas.elblag.pl\/wp-content\/uploads\/2025\/02\/1000001687-300x225.jpg 300w, http:\/\/caritas.elblag.pl\/wp-content\/uploads\/2025\/02\/1000001687-768x576.jpg 768w, http:\/\/caritas.elblag.pl\/wp-content\/uploads\/2025\/02\/1000001687-1536x1152.jpg 1536w, http:\/\/caritas.elblag.pl\/wp-content\/uploads\/2025\/02\/1000001687-2048x1536.jpg 2048w\" sizes=\"auto, (max-width: 1024px) 100vw, 1024px\" \/><\/a><\/figure>\n\n\n\n<figure class=\"wp-block-image size-large\"><a href=\"http:\/\/caritas.elblag.pl\/wp-content\/uploads\/2025\/04\/1000001691-scaled.jpg\"><img loading=\"lazy\" decoding=\"async\" width=\"768\" height=\"1024\" src=\"http:\/\/caritas.elblag.pl\/wp-content\/uploads\/2025\/04\/1000001691-768x1024.jpg\" alt=\"\" class=\"wp-image-2165\" srcset=\"http:\/\/caritas.elblag.pl\/wp-content\/uploads\/2025\/04\/1000001691-768x1024.jpg 768w, http:\/\/caritas.elblag.pl\/wp-content\/uploads\/2025\/04\/1000001691-225x300.jpg 225w, http:\/\/caritas.elblag.pl\/wp-content\/uploads\/2025\/04\/1000001691-1152x1536.jpg 1152w, http:\/\/caritas.elblag.pl\/wp-content\/uploads\/2025\/04\/1000001691-1536x2048.jpg 1536w, http:\/\/caritas.elblag.pl\/wp-content\/uploads\/2025\/04\/1000001691-scaled.jpg 1920w\" sizes=\"auto, (max-width: 768px) 100vw, 768px\" \/><\/a><\/figure>\n\n\n\n<figure class=\"wp-block-image size-large is-resized\"><a href=\"http:\/\/caritas.elblag.pl\/wp-content\/uploads\/2025\/02\/1000001708.jpg\"><img loading=\"lazy\" decoding=\"async\" src=\"http:\/\/caritas.elblag.pl\/wp-content\/uploads\/2025\/02\/1000001708-1024x1024.jpg\" alt=\"\" class=\"wp-image-2166\" width=\"522\" height=\"522\" srcset=\"http:\/\/caritas.elblag.pl\/wp-content\/uploads\/2025\/02\/1000001708-1024x1024.jpg 1024w, http:\/\/caritas.elblag.pl\/wp-content\/uploads\/2025\/02\/1000001708-300x300.jpg 300w, http:\/\/caritas.elblag.pl\/wp-content\/uploads\/2025\/02\/1000001708-150x150.jpg 150w, http:\/\/caritas.elblag.pl\/wp-content\/uploads\/2025\/02\/1000001708-768x768.jpg 768w, http:\/\/caritas.elblag.pl\/wp-content\/uploads\/2025\/02\/1000001708.jpg 1072w\" sizes=\"auto, (max-width: 522px) 100vw, 522px\" \/><\/a><\/figure>\n\n\n\n<figure class=\"wp-block-image size-large is-resized\"><a href=\"http:\/\/caritas.elblag.pl\/wp-content\/uploads\/2025\/02\/IMG20241028113121-scaled.jpg\"><img loading=\"lazy\" decoding=\"async\" src=\"http:\/\/caritas.elblag.pl\/wp-content\/uploads\/2025\/02\/IMG20241028113121-768x1024.jpg\" alt=\"\" class=\"wp-image-2127\" width=\"433\" height=\"577\" srcset=\"http:\/\/caritas.elblag.pl\/wp-content\/uploads\/2025\/02\/IMG20241028113121-768x1024.jpg 768w, http:\/\/caritas.elblag.pl\/wp-content\/uploads\/2025\/02\/IMG20241028113121-225x300.jpg 225w, http:\/\/caritas.elblag.pl\/wp-content\/uploads\/2025\/02\/IMG20241028113121-1152x1536.jpg 1152w, http:\/\/caritas.elblag.pl\/wp-content\/uploads\/2025\/02\/IMG20241028113121-1536x2048.jpg 1536w, http:\/\/caritas.elblag.pl\/wp-content\/uploads\/2025\/02\/IMG20241028113121-scaled.jpg 1920w\" sizes=\"auto, (max-width: 433px) 100vw, 433px\" \/><\/a><\/figure>\n\n\n\n<figure class=\"wp-block-image size-large is-resized\"><a href=\"http:\/\/caritas.elblag.pl\/wp-content\/uploads\/2025\/02\/IMG20250116102505-scaled.jpg\"><img loading=\"lazy\" decoding=\"async\" src=\"http:\/\/caritas.elblag.pl\/wp-content\/uploads\/2025\/02\/IMG20250116102505-1024x768.jpg\" alt=\"\" class=\"wp-image-2124\" width=\"436\" height=\"327\" srcset=\"http:\/\/caritas.elblag.pl\/wp-content\/uploads\/2025\/02\/IMG20250116102505-1024x768.jpg 1024w, http:\/\/caritas.elblag.pl\/wp-content\/uploads\/2025\/02\/IMG20250116102505-300x225.jpg 300w, http:\/\/caritas.elblag.pl\/wp-content\/uploads\/2025\/02\/IMG20250116102505-768x576.jpg 768w, http:\/\/caritas.elblag.pl\/wp-content\/uploads\/2025\/02\/IMG20250116102505-1536x1152.jpg 1536w, http:\/\/caritas.elblag.pl\/wp-content\/uploads\/2025\/02\/IMG20250116102505-2048x1536.jpg 2048w\" sizes=\"auto, (max-width: 436px) 100vw, 436px\" \/><\/a><\/figure>\n\n\n\n<figure class=\"wp-block-image size-large is-resized\"><a href=\"http:\/\/caritas.elblag.pl\/wp-content\/uploads\/2025\/02\/IMG20250109110748-1-scaled.jpg\"><img loading=\"lazy\" decoding=\"async\" src=\"http:\/\/caritas.elblag.pl\/wp-content\/uploads\/2025\/02\/IMG20250109110748-1-1024x768.jpg\" alt=\"\" class=\"wp-image-2123\" width=\"439\" height=\"329\" srcset=\"http:\/\/caritas.elblag.pl\/wp-content\/uploads\/2025\/02\/IMG20250109110748-1-1024x768.jpg 1024w, http:\/\/caritas.elblag.pl\/wp-content\/uploads\/2025\/02\/IMG20250109110748-1-300x225.jpg 300w, http:\/\/caritas.elblag.pl\/wp-content\/uploads\/2025\/02\/IMG20250109110748-1-768x576.jpg 768w, http:\/\/caritas.elblag.pl\/wp-content\/uploads\/2025\/02\/IMG20250109110748-1-1536x1152.jpg 1536w, http:\/\/caritas.elblag.pl\/wp-content\/uploads\/2025\/02\/IMG20250109110748-1-2048x1536.jpg 2048w\" sizes=\"auto, (max-width: 439px) 100vw, 439px\" \/><\/a><\/figure>\n\n\n\n<p>Wi\u0119cej zdj\u0119\u0107 w galerii &#8220;Dzia\u0142alno\u015b\u0107 Klubu Seniora przy CDE&#8221; na pasku po prawej stronie.<\/p>\n","protected":false},"excerpt":{"rendered":"Klub Seniora przy Caritas Diecezji Elbl\u0105skiej dzia\u0142a przez ca\u0142y rok kalendarzowy i podejmuje dzia\u0142ania zmierzaj\u0105ce do poprawy jako\u015bci \u017cycia senior\u00f3w poprzez umo\u017cliwienie rozwoju \n<a class=\"moretag\" href=\"http:\/\/caritas.elblag.pl\/?p=2119\"> [...]<\/a>","protected":false},"author":1,"featured_media":2132,"comment_status":"closed","ping_status":"closed","sticky":false,"template":"","format":"standard","meta":{"_exactmetrics_skip_tracking":false,"_exactmetrics_sitenote_active":false,"_exactmetrics_sitenote_note":"","_exactmetrics_sitenote_category":0,"footnotes":""},"categories":[6,33,24,38,7],"tags":[],"class_list":["post-2119","post","type-post","status-publish","format-standard","has-post-thumbnail","hentry","category-aktualnosci","category-dzialalnosc","category-polecane","category-seniorzy","category-zycie-kosciola"],"_links":{"self":[{"href":"http:\/\/caritas.elblag.pl\/index.php?rest_route=\/wp\/v2\/posts\/2119","targetHints":{"allow":["GET"]}}],"collection":[{"href":"http:\/\/caritas.elblag.pl\/index.php?rest_route=\/wp\/v2\/posts"}],"about":[{"href":"http:\/\/caritas.elblag.pl\/index.php?rest_route=\/wp\/v2\/types\/post"}],"author":[{"embeddable":true,"href":"http:\/\/caritas.elblag.pl\/index.php?rest_route=\/wp\/v2\/users\/1"}],"replies":[{"embeddable":true,"href":"http:\/\/caritas.elblag.pl\/index.php?rest_route=%2Fwp%2Fv2%2Fcomments&post=2119"}],"version-history":[{"count":7,"href":"http:\/\/caritas.elblag.pl\/index.php?rest_route=\/wp\/v2\/posts\/2119\/revisions"}],"predecessor-version":[{"id":2167,"href":"http:\/\/caritas.elblag.pl\/index.php?rest_route=\/wp\/v2\/posts\/2119\/revisions\/2167"}],"wp:featuredmedia":[{"embeddable":true,"href":"http:\/\/caritas.elblag.pl\/index.php?rest_route=\/wp\/v2\/media\/2132"}],"wp:attachment":[{"href":"http:\/\/caritas.elblag.pl\/index.php?rest_route=%2Fwp%2Fv2%2Fmedia&parent=2119"}],"wp:term":[{"taxonomy":"category","embeddable":true,"href":"http:\/\/caritas.elblag.pl\/index.php?rest_route=%2Fwp%2Fv2%2Fcategories&post=2119"},{"taxonomy":"post_tag","embeddable":true,"href":"http:\/\/caritas.elblag.pl\/index.php?rest_route=%2Fwp%2Fv2%2Ftags&post=2119"}],"curies":[{"name":"wp","href":"https:\/\/api.w.org\/{rel}","templated":true}]}}