{"id":2151,"date":"2025-03-27T13:54:52","date_gmt":"2025-03-27T12:54:52","guid":{"rendered":"http:\/\/caritas.elblag.pl\/?p=2151"},"modified":"2025-03-27T14:00:09","modified_gmt":"2025-03-27T13:00:09","slug":"swiece-caritas-na-stol-swiateczny","status":"publish","type":"post","link":"http:\/\/caritas.elblag.pl\/?p=2151","title":{"rendered":"\u015awiece Caritas na st\u00f3\u0142 \u015bwi\u0105teczny"},"content":{"rendered":"\n<p><strong>Wielkanocna Akcja Caritas Diecezji Elbl\u0105skiej to coroczne przedsi\u0119wzi\u0119cie, kt\u00f3rego celem jest pomoc najbardziej potrzebuj\u0105cych. W jego ramach rozprowadzamy \u015bwiece ozdobne na st\u00f3\u0142 wielkanocny.<\/strong><\/p>\n\n\n\n<p><strong>Wielki Post, kt\u00f3ry jest dobr\u0105 okazj\u0105 do czynienia dobra.<\/strong> Jednym z nich jest Ja\u0142mu\u017cna, czyli \u201edatek dla biednych i\u00a0 potrzebuj\u0105cych\u201d, uczynek mi\u0142osierny. Pismo \u015awi\u0119te wiele razy wspomina o obowi\u0105zku dawania ja\u0142mu\u017cny. W\u0142a\u015bciwym motywem dawania ja\u0142mu\u017cny jest mi\u0142o\u015b\u0107 \u2013 mi\u0142o\u015b\u0107 Boga i mi\u0142o\u015b\u0107 bli\u017aniego: \u201eWszystko, co uczynili\u015bcie jednemu z tych braci moich najmniejszych, Mnie\u015bcie uczynili\u201d \u00a0(Mt 25, 41). <\/p>\n","protected":false},"excerpt":{"rendered":"Wielkanocna Akcja Caritas Diecezji Elbl\u0105skiej to coroczne przedsi\u0119wzi\u0119cie, kt\u00f3rego celem jest pomoc najbardziej potrzebuj\u0105cych. W jego ramach rozprowadzamy \u015bwiece ozdobne na st\u00f3\u0142 wielkanocny. \n<a class=\"moretag\" href=\"http:\/\/caritas.elblag.pl\/?p=2151\"> [...]<\/a>","protected":false},"author":1,"featured_media":2153,"comment_status":"closed","ping_status":"closed","sticky":false,"template":"","format":"standard","meta":{"_exactmetrics_skip_tracking":false,"_exactmetrics_sitenote_active":false,"_exactmetrics_sitenote_note":"","_exactmetrics_sitenote_category":0,"footnotes":""},"categories":[6,33,24,8,7],"tags":[],"class_list":["post-2151","post","type-post","status-publish","format-standard","has-post-thumbnail","hentry","category-aktualnosci","category-dzialalnosc","category-polecane","category-wolontariat","category-zycie-kosciola"],"_links":{"self":[{"href":"http:\/\/caritas.elblag.pl\/index.php?rest_route=\/wp\/v2\/posts\/2151","targetHints":{"allow":["GET"]}}],"collection":[{"href":"http:\/\/caritas.elblag.pl\/index.php?rest_route=\/wp\/v2\/posts"}],"about":[{"href":"http:\/\/caritas.elblag.pl\/index.php?rest_route=\/wp\/v2\/types\/post"}],"author":[{"embeddable":true,"href":"http:\/\/caritas.elblag.pl\/index.php?rest_route=\/wp\/v2\/users\/1"}],"replies":[{"embeddable":true,"href":"http:\/\/caritas.elblag.pl\/index.php?rest_route=%2Fwp%2Fv2%2Fcomments&post=2151"}],"version-history":[{"count":3,"href":"http:\/\/caritas.elblag.pl\/index.php?rest_route=\/wp\/v2\/posts\/2151\/revisions"}],"predecessor-version":[{"id":2155,"href":"http:\/\/caritas.elblag.pl\/index.php?rest_route=\/wp\/v2\/posts\/2151\/revisions\/2155"}],"wp:featuredmedia":[{"embeddable":true,"href":"http:\/\/caritas.elblag.pl\/index.php?rest_route=\/wp\/v2\/media\/2153"}],"wp:attachment":[{"href":"http:\/\/caritas.elblag.pl\/index.php?rest_route=%2Fwp%2Fv2%2Fmedia&parent=2151"}],"wp:term":[{"taxonomy":"category","embeddable":true,"href":"http:\/\/caritas.elblag.pl\/index.php?rest_route=%2Fwp%2Fv2%2Fcategories&post=2151"},{"taxonomy":"post_tag","embeddable":true,"href":"http:\/\/caritas.elblag.pl\/index.php?rest_route=%2Fwp%2Fv2%2Ftags&post=2151"}],"curies":[{"name":"wp","href":"https:\/\/api.w.org\/{rel}","templated":true}]}}