{"id":2179,"date":"2025-05-05T19:23:33","date_gmt":"2025-05-05T17:23:33","guid":{"rendered":"http:\/\/caritas.elblag.pl\/?p=2179"},"modified":"2025-06-04T22:03:40","modified_gmt":"2025-06-04T20:03:40","slug":"osrodek-kolonijno-wczasowy-caritas-w-mikoszewie","status":"publish","type":"post","link":"http:\/\/caritas.elblag.pl\/?p=2179","title":{"rendered":"Wypoczynek letni w Mikoszewie"},"content":{"rendered":"\n<p><strong>Wypoczynek: rodzinny, grupy zorganizowane, osoby indywidualne, biwaki, kursy, szkolenia, rekolekcje.<\/strong><\/p>\n\n\n\n<p>W naszym o\u015brodku posiadamy 61 miejsc noclegowych w domkach murowanych, drewnianych i typu holenderskiego; wszystkie z pe\u0142nym zapleczem sanitarnym (toaleta, prysznic). Wi\u0119kszo\u015b\u0107 domk\u00f3w posiada aneks kuchenny.<\/p>\n\n\n\n<figure class=\"wp-block-image size-large\"><a href=\"http:\/\/caritas.elblag.pl\/wp-content\/uploads\/2025\/05\/P1190825-1.jpg\"><img loading=\"lazy\" decoding=\"async\" width=\"1024\" height=\"727\" src=\"http:\/\/caritas.elblag.pl\/wp-content\/uploads\/2025\/05\/P1190825-1-1024x727.jpg\" alt=\"\" class=\"wp-image-2228\" srcset=\"http:\/\/caritas.elblag.pl\/wp-content\/uploads\/2025\/05\/P1190825-1-1024x727.jpg 1024w, http:\/\/caritas.elblag.pl\/wp-content\/uploads\/2025\/05\/P1190825-1-300x213.jpg 300w, http:\/\/caritas.elblag.pl\/wp-content\/uploads\/2025\/05\/P1190825-1-768x546.jpg 768w, http:\/\/caritas.elblag.pl\/wp-content\/uploads\/2025\/05\/P1190825-1-1536x1091.jpg 1536w, http:\/\/caritas.elblag.pl\/wp-content\/uploads\/2025\/05\/P1190825-1-120x85.jpg 120w, http:\/\/caritas.elblag.pl\/wp-content\/uploads\/2025\/05\/P1190825-1.jpg 1913w\" sizes=\"auto, (max-width: 1024px) 100vw, 1024px\" \/><\/a><\/figure>\n\n\n\n<figure class=\"wp-block-image size-large\"><a href=\"http:\/\/caritas.elblag.pl\/wp-content\/uploads\/2025\/05\/P1190908.jpg\"><img loading=\"lazy\" decoding=\"async\" width=\"1024\" height=\"701\" src=\"http:\/\/caritas.elblag.pl\/wp-content\/uploads\/2025\/05\/P1190908-1024x701.jpg\" alt=\"\" class=\"wp-image-2230\" srcset=\"http:\/\/caritas.elblag.pl\/wp-content\/uploads\/2025\/05\/P1190908-1024x701.jpg 1024w, http:\/\/caritas.elblag.pl\/wp-content\/uploads\/2025\/05\/P1190908-300x205.jpg 300w, http:\/\/caritas.elblag.pl\/wp-content\/uploads\/2025\/05\/P1190908-768x526.jpg 768w, http:\/\/caritas.elblag.pl\/wp-content\/uploads\/2025\/05\/P1190908-1536x1052.jpg 1536w, http:\/\/caritas.elblag.pl\/wp-content\/uploads\/2025\/05\/P1190908-2048x1402.jpg 2048w\" sizes=\"auto, (max-width: 1024px) 100vw, 1024px\" \/><\/a><\/figure>\n\n\n\n<p>O\u015brodek jest po\u0142o\u017cony przy uj\u015bciu Wis\u0142y, jego teren jest ogrodzony i o\u015bwietlony, w bezpo\u015brednim s\u0105siedztwie znajduje si\u0119 basen. Do dyspozycji mamy now\u0105 \u015bwietlic\u0119 na 50 os\u00f3b wyposa\u017con\u0105 w TV i DVD. W obr\u0119bie O\u015brodka znajduje si\u0119 plac zabaw dla dzieci, boisko do siatk\u00f3wki i koszyk\u00f3wki, miejsce na ognisko i grilla oraz parking. Blisko O\u015brodka biegnie \u015bcie\u017cka rowerowa prowadz\u0105ca a\u017c do Krynicy Morskiej, szlak Nadwi\u015bla\u0144ski do brzegu Wis\u0142y, gdzie mo\u017cna skorzysta\u0107 z po\u0142\u0105czenia z Gda\u0144skiem za pomoc\u0105 promu. Od \u015bcie\u017cki rowerowej mo\u017cna uda\u0107 si\u0119 przez las na G\u00f3r\u0119 Ksi\u0119cia Albrechta, a teren Rezerwatu Mewia \u0141acha oferuje pi\u0119kne widoki na Jezioro Mikoszewskie oraz Uj\u015bcie Wis\u0142y do Ba\u0142tyku. Przez Mikoszewo prowadzi legendarny szlak \u015bw. Jakuba do Santiago de Compostela.<\/p>\n\n\n\n<p>Nie brakuje te\u017c innych atrakcji: Rejsy na foki \u2013 wyprawy \u0142odzi\u0105 motorow\u0105 do Uj\u015bcia Wis\u0142y do Ba\u0142tyku, kolejka w\u0105skotorowa (trasa prawy brzeg Wis\u0142y \u2013 Sztutowo), strusia ferma, przeja\u017cd\u017cki konne, Muzeum Bursztynu, przeprawa promowa przez Wis\u0142\u0119, Centrum Edukacji i Promocji Regionu w Szymbarku. Mo\u017cna te\u017c wybra\u0107 si\u0119 na wycieczk\u0119 do Tr\u00f3jmiasta b\u0105d\u017a odwiedzi\u0107 Muzeum Stutthof w pobliskim Sztutowie. Do pla\u017cy spacerem dochodzimy po 20 minutach.<\/p>\n\n\n\n<p>Ko\u015bci\u00f3\u0142 parafialny w Mikoszewie znajduje si\u0119 ok. 200 m od o\u015brodka.<\/p>\n\n\n\n<p><strong>KONTAKT:<\/strong><\/p>\n\n\n\n<p><strong>Od 1 czerwca 2025 r. podmiotem prowadz\u0105cym O\u015brodek jest<\/strong><br \/><strong>Dyrektor Domu Formacyjnego \u015bw. Wojciecha w Mikoszewie Ks. Arkadiusz Burandt<\/strong><\/p>\n\n\n\n<p>Le\u015bna 7, 82-103 Mikoszewo<\/p>\n\n\n\n<p>tel. &nbsp;<a href=\"tel:55 245 08 55\">55 245 08 55<\/a>, tel. kom.&nbsp;<a href=\"tel:602 158 092\">602 158 092&nbsp;<\/a><\/p>\n\n\n\n<p>e-mail:<br \/><a href=\"mailto:domform@domformacyjny.pl\">domform@domformacyjny.pl&nbsp;&nbsp; &nbsp;&nbsp;<\/a><\/p>\n\n\n\n<p><\/p>\n\n\n\n<p>&nbsp;<a href=\"http:\/\/caritas.elblag.pl\/?page_id=98\" target=\"_blank\" rel=\"noreferrer noopener\"><strong>strona internetowa<\/strong><\/a>: www.caritas.elblag.pl<\/p>\n\n\n\n<p><strong>Pozycja GPS<\/strong>&nbsp;<strong>O\u015brodka<\/strong>: <strong>54.335894, 18.950150<\/strong><\/p>\n\n\n\n<p><em>Wi\u0119cej zdj\u0119\u0107 na stronie w galerii&nbsp;<\/em><em><strong>\u201cO\u015brodek w Mikoszewie\u201d<\/strong><\/em><strong>.<\/strong><\/p>\n\n\n\n<p>Koszt noclegu wynosi 70,00 z\u0142 od osoby<\/p>\n\n\n\n<p>Grupy zorganizowane 65,00 z\u0142 od osoby<\/p>\n\n\n\n<figure class=\"wp-block-image size-large\"><a href=\"http:\/\/caritas.elblag.pl\/wp-content\/uploads\/2025\/05\/Mikoszewo_sat_zazn2.jpg\"><img loading=\"lazy\" decoding=\"async\" width=\"1024\" height=\"710\" src=\"http:\/\/caritas.elblag.pl\/wp-content\/uploads\/2025\/05\/Mikoszewo_sat_zazn2-1024x710.jpg\" alt=\"\" class=\"wp-image-2182\" srcset=\"http:\/\/caritas.elblag.pl\/wp-content\/uploads\/2025\/05\/Mikoszewo_sat_zazn2-1024x710.jpg 1024w, http:\/\/caritas.elblag.pl\/wp-content\/uploads\/2025\/05\/Mikoszewo_sat_zazn2-300x208.jpg 300w, http:\/\/caritas.elblag.pl\/wp-content\/uploads\/2025\/05\/Mikoszewo_sat_zazn2-768x532.jpg 768w, http:\/\/caritas.elblag.pl\/wp-content\/uploads\/2025\/05\/Mikoszewo_sat_zazn2.jpg 1427w\" sizes=\"auto, (max-width: 1024px) 100vw, 1024px\" \/><\/a><\/figure>\n\n\n\n<figure class=\"wp-block-image size-large\"><a href=\"http:\/\/caritas.elblag.pl\/wp-content\/uploads\/2025\/05\/image.png\"><img loading=\"lazy\" decoding=\"async\" width=\"1024\" height=\"65\" src=\"http:\/\/caritas.elblag.pl\/wp-content\/uploads\/2025\/05\/image-1024x65.png\" alt=\"\" class=\"wp-image-2193\" srcset=\"http:\/\/caritas.elblag.pl\/wp-content\/uploads\/2025\/05\/image-1024x65.png 1024w, http:\/\/caritas.elblag.pl\/wp-content\/uploads\/2025\/05\/image-300x19.png 300w, http:\/\/caritas.elblag.pl\/wp-content\/uploads\/2025\/05\/image-768x49.png 768w, http:\/\/caritas.elblag.pl\/wp-content\/uploads\/2025\/05\/image.png 1027w\" sizes=\"auto, (max-width: 1024px) 100vw, 1024px\" \/><\/a><\/figure>\n\n\n\n<p><\/p>\n","protected":false},"excerpt":{"rendered":"Wypoczynek: rodzinny, grupy zorganizowane, osoby indywidualne, biwaki, kursy, szkolenia, rekolekcje. W naszym o\u015brodku posiadamy 61 miejsc noclegowych w domkach murowanych, drewnianych i typu \n<a class=\"moretag\" href=\"http:\/\/caritas.elblag.pl\/?p=2179\"> [...]<\/a>","protected":false},"author":1,"featured_media":2195,"comment_status":"closed","ping_status":"closed","sticky":false,"template":"","format":"standard","meta":{"_exactmetrics_skip_tracking":false,"_exactmetrics_sitenote_active":false,"_exactmetrics_sitenote_note":"","_exactmetrics_sitenote_category":0,"footnotes":""},"categories":[6,33,42,24,35,43,7],"tags":[],"class_list":["post-2179","post","type-post","status-publish","format-standard","has-post-thumbnail","hentry","category-aktualnosci","category-dzialalnosc","category-mikoszewo","category-polecane","category-wakacje","category-wypoczynek","category-zycie-kosciola"],"_links":{"self":[{"href":"http:\/\/caritas.elblag.pl\/index.php?rest_route=\/wp\/v2\/posts\/2179","targetHints":{"allow":["GET"]}}],"collection":[{"href":"http:\/\/caritas.elblag.pl\/index.php?rest_route=\/wp\/v2\/posts"}],"about":[{"href":"http:\/\/caritas.elblag.pl\/index.php?rest_route=\/wp\/v2\/types\/post"}],"author":[{"embeddable":true,"href":"http:\/\/caritas.elblag.pl\/index.php?rest_route=\/wp\/v2\/users\/1"}],"replies":[{"embeddable":true,"href":"http:\/\/caritas.elblag.pl\/index.php?rest_route=%2Fwp%2Fv2%2Fcomments&post=2179"}],"version-history":[{"count":30,"href":"http:\/\/caritas.elblag.pl\/index.php?rest_route=\/wp\/v2\/posts\/2179\/revisions"}],"predecessor-version":[{"id":2248,"href":"http:\/\/caritas.elblag.pl\/index.php?rest_route=\/wp\/v2\/posts\/2179\/revisions\/2248"}],"wp:featuredmedia":[{"embeddable":true,"href":"http:\/\/caritas.elblag.pl\/index.php?rest_route=\/wp\/v2\/media\/2195"}],"wp:attachment":[{"href":"http:\/\/caritas.elblag.pl\/index.php?rest_route=%2Fwp%2Fv2%2Fmedia&parent=2179"}],"wp:term":[{"taxonomy":"category","embeddable":true,"href":"http:\/\/caritas.elblag.pl\/index.php?rest_route=%2Fwp%2Fv2%2Fcategories&post=2179"},{"taxonomy":"post_tag","embeddable":true,"href":"http:\/\/caritas.elblag.pl\/index.php?rest_route=%2Fwp%2Fv2%2Ftags&post=2179"}],"curies":[{"name":"wp","href":"https:\/\/api.w.org\/{rel}","templated":true}]}}