{"id":2270,"date":"2025-07-25T10:45:29","date_gmt":"2025-07-25T08:45:29","guid":{"rendered":"http:\/\/caritas.elblag.pl\/?p=2270"},"modified":"2025-07-25T10:45:29","modified_gmt":"2025-07-25T08:45:29","slug":"zadanie-publiczne-cde","status":"publish","type":"post","link":"http:\/\/caritas.elblag.pl\/?p=2270","title":{"rendered":"Zadanie publiczne CDE"},"content":{"rendered":"\n<p>Caritas Diecezji Elbl\u0105skiej realizuje zadanie publiczne pod tytu\u0142em:<\/p>\n\n\n\n<p><strong>Aktywizacja i przeciwdzia\u0142anie marginalizacji os\u00f3b starszych \u2013 edycja 2025 \u201eAktywny senior 60+\u201d, Umowa Nr PS-VII.946.3.1.2025.AS z dnia 16.06.2025r.<\/strong><\/p>\n\n\n\n<p>Klub Seniora przy Caritas Diecezji Elbl\u0105skiej dzia\u0142a przez ca\u0142y rok i podejmuje dzia\u0142ania zmierzaj\u0105ce do poprawy jako\u015bci \u017cycia senior\u00f3w poprzez umo\u017cliwienie rozwoju zainteresowa\u0144, organizacj\u0119 zaj\u0119\u0107 edukacyjno \u2013 kulturalnych i sportowo \u2013 rekreacyjnych w miejscu zamieszkania.<\/p>\n\n\n\n<p><strong>Zadanie realizowane jest przy wsp\u00f3\u0142udziale finansowym Warmi\u0144sko \u2013 Mazurskiego Urz\u0119du Wojew\u00f3dzkiego w Olsztynie w terminie 01.04-31.12.2025r.<\/strong><\/p>\n\n\n\n<figure class=\"wp-block-image size-full\"><a href=\"http:\/\/caritas.elblag.pl\/wp-content\/uploads\/2025\/07\/image.png\"><img loading=\"lazy\" decoding=\"async\" width=\"362\" height=\"119\" src=\"http:\/\/caritas.elblag.pl\/wp-content\/uploads\/2025\/07\/image.png\" alt=\"\" class=\"wp-image-2272\" srcset=\"http:\/\/caritas.elblag.pl\/wp-content\/uploads\/2025\/07\/image.png 362w, http:\/\/caritas.elblag.pl\/wp-content\/uploads\/2025\/07\/image-300x99.png 300w\" sizes=\"auto, (max-width: 362px) 100vw, 362px\" \/><\/a><\/figure>\n\n\n\n<p><\/p>\n","protected":false},"excerpt":{"rendered":"Caritas Diecezji Elbl\u0105skiej realizuje zadanie publiczne pod tytu\u0142em: Aktywizacja i przeciwdzia\u0142anie marginalizacji os\u00f3b starszych \u2013 edycja 2025 \u201eAktywny senior 60+\u201d, Umowa Nr PS-VII.946.3.1.2025.AS \n<a class=\"moretag\" href=\"http:\/\/caritas.elblag.pl\/?p=2270\"> [...]<\/a>","protected":false},"author":1,"featured_media":1405,"comment_status":"closed","ping_status":"closed","sticky":false,"template":"","format":"standard","meta":{"_exactmetrics_skip_tracking":false,"_exactmetrics_sitenote_active":false,"_exactmetrics_sitenote_note":"","_exactmetrics_sitenote_category":0,"footnotes":""},"categories":[6,33,24,38,35,7],"tags":[],"class_list":["post-2270","post","type-post","status-publish","format-standard","has-post-thumbnail","hentry","category-aktualnosci","category-dzialalnosc","category-polecane","category-seniorzy","category-wakacje","category-zycie-kosciola"],"_links":{"self":[{"href":"http:\/\/caritas.elblag.pl\/index.php?rest_route=\/wp\/v2\/posts\/2270","targetHints":{"allow":["GET"]}}],"collection":[{"href":"http:\/\/caritas.elblag.pl\/index.php?rest_route=\/wp\/v2\/posts"}],"about":[{"href":"http:\/\/caritas.elblag.pl\/index.php?rest_route=\/wp\/v2\/types\/post"}],"author":[{"embeddable":true,"href":"http:\/\/caritas.elblag.pl\/index.php?rest_route=\/wp\/v2\/users\/1"}],"replies":[{"embeddable":true,"href":"http:\/\/caritas.elblag.pl\/index.php?rest_route=%2Fwp%2Fv2%2Fcomments&post=2270"}],"version-history":[{"count":3,"href":"http:\/\/caritas.elblag.pl\/index.php?rest_route=\/wp\/v2\/posts\/2270\/revisions"}],"predecessor-version":[{"id":2274,"href":"http:\/\/caritas.elblag.pl\/index.php?rest_route=\/wp\/v2\/posts\/2270\/revisions\/2274"}],"wp:featuredmedia":[{"embeddable":true,"href":"http:\/\/caritas.elblag.pl\/index.php?rest_route=\/wp\/v2\/media\/1405"}],"wp:attachment":[{"href":"http:\/\/caritas.elblag.pl\/index.php?rest_route=%2Fwp%2Fv2%2Fmedia&parent=2270"}],"wp:term":[{"taxonomy":"category","embeddable":true,"href":"http:\/\/caritas.elblag.pl\/index.php?rest_route=%2Fwp%2Fv2%2Fcategories&post=2270"},{"taxonomy":"post_tag","embeddable":true,"href":"http:\/\/caritas.elblag.pl\/index.php?rest_route=%2Fwp%2Fv2%2Ftags&post=2270"}],"curies":[{"name":"wp","href":"https:\/\/api.w.org\/{rel}","templated":true}]}}