{"id":2275,"date":"2025-07-25T10:48:14","date_gmt":"2025-07-25T08:48:14","guid":{"rendered":"http:\/\/caritas.elblag.pl\/?p=2275"},"modified":"2025-07-25T10:48:14","modified_gmt":"2025-07-25T08:48:14","slug":"kompleksowe-wsparcie-dla-osob-i-rodzin-w-trudnej-sytuacji-zyciowej-2","status":"publish","type":"post","link":"http:\/\/caritas.elblag.pl\/?p=2275","title":{"rendered":"Kompleksowe wsparcie dla os\u00f3b i rodzin w trudnej sytuacji \u017cyciowej"},"content":{"rendered":"\n<p>Caritas Diecezji Elbl\u0105skiej realizuje zadanie publiczne pod tytu\u0142em:<\/p>\n\n\n\n<p><strong>Kompleksowe wsparcie dla os\u00f3b i rodzin w trudnej sytuacji \u017cyciowej, w tym dotkni\u0119tych dysfunkcj\u0105 i kryzysem \u2013 edycja 2025 \u201eProwadzenie dzia\u0142a\u0144 kompleksowego, specjalistycznego i psychologicznego wsparcia dla rodzin dotkni\u0119tych dysfunkcj\u0105 i kryzysem oraz ofiar przemocy\u201d, Umowa Nr PS-VII.946.4.1.2025.KW z dnia 16.06.2025r.<\/strong><\/p>\n\n\n\n<p>Caritas Diecezji Elbl\u0105skiej od 01 kwietnia do 31 grudnia 2025r. prowadzi Poradni\u0119 Rodzinn\u0105 przy ul. Zamkowej 17. Poradnia czynna jest w \u015brody w godzinach 15.00 \u2013 17.00 (przerwa wakacyjna VII i VIII). W poradni pracuj\u0105 specjali\u015bci: mediator-negocjator rodzinny, pedagog, psycholog, specjalista od przeciwdzia\u0142ania przemocy w rodzinie, psychotraumatolog, specjalista psychoterapii uzale\u017cnie\u0144 i terapeuta uzale\u017cnie\u0144.<\/p>\n\n\n\n<p><strong>Zadanie realizowane jest przy wsp\u00f3\u0142udziale finansowym Warmi\u0144sko \u2013 Mazurskiego Urz\u0119du Wojew\u00f3dzkiego w Olsztynie<\/strong><\/p>\n\n\n\n<figure class=\"wp-block-image size-full\"><a href=\"http:\/\/caritas.elblag.pl\/wp-content\/uploads\/2025\/07\/image-1.png\"><img loading=\"lazy\" decoding=\"async\" width=\"362\" height=\"119\" src=\"http:\/\/caritas.elblag.pl\/wp-content\/uploads\/2025\/07\/image-1.png\" alt=\"\" class=\"wp-image-2276\" srcset=\"http:\/\/caritas.elblag.pl\/wp-content\/uploads\/2025\/07\/image-1.png 362w, http:\/\/caritas.elblag.pl\/wp-content\/uploads\/2025\/07\/image-1-300x99.png 300w\" sizes=\"auto, (max-width: 362px) 100vw, 362px\" \/><\/a><\/figure>\n","protected":false},"excerpt":{"rendered":"Caritas Diecezji Elbl\u0105skiej realizuje zadanie publiczne pod tytu\u0142em: Kompleksowe wsparcie dla os\u00f3b i rodzin w trudnej sytuacji \u017cyciowej, w tym dotkni\u0119tych dysfunkcj\u0105 i \n<a class=\"moretag\" href=\"http:\/\/caritas.elblag.pl\/?p=2275\"> [...]<\/a>","protected":false},"author":1,"featured_media":1961,"comment_status":"closed","ping_status":"closed","sticky":false,"template":"","format":"standard","meta":{"_exactmetrics_skip_tracking":false,"_exactmetrics_sitenote_active":false,"_exactmetrics_sitenote_note":"","_exactmetrics_sitenote_category":0,"footnotes":""},"categories":[6,33,24,38,35,8,7],"tags":[],"class_list":["post-2275","post","type-post","status-publish","format-standard","has-post-thumbnail","hentry","category-aktualnosci","category-dzialalnosc","category-polecane","category-seniorzy","category-wakacje","category-wolontariat","category-zycie-kosciola"],"_links":{"self":[{"href":"http:\/\/caritas.elblag.pl\/index.php?rest_route=\/wp\/v2\/posts\/2275","targetHints":{"allow":["GET"]}}],"collection":[{"href":"http:\/\/caritas.elblag.pl\/index.php?rest_route=\/wp\/v2\/posts"}],"about":[{"href":"http:\/\/caritas.elblag.pl\/index.php?rest_route=\/wp\/v2\/types\/post"}],"author":[{"embeddable":true,"href":"http:\/\/caritas.elblag.pl\/index.php?rest_route=\/wp\/v2\/users\/1"}],"replies":[{"embeddable":true,"href":"http:\/\/caritas.elblag.pl\/index.php?rest_route=%2Fwp%2Fv2%2Fcomments&post=2275"}],"version-history":[{"count":1,"href":"http:\/\/caritas.elblag.pl\/index.php?rest_route=\/wp\/v2\/posts\/2275\/revisions"}],"predecessor-version":[{"id":2277,"href":"http:\/\/caritas.elblag.pl\/index.php?rest_route=\/wp\/v2\/posts\/2275\/revisions\/2277"}],"wp:featuredmedia":[{"embeddable":true,"href":"http:\/\/caritas.elblag.pl\/index.php?rest_route=\/wp\/v2\/media\/1961"}],"wp:attachment":[{"href":"http:\/\/caritas.elblag.pl\/index.php?rest_route=%2Fwp%2Fv2%2Fmedia&parent=2275"}],"wp:term":[{"taxonomy":"category","embeddable":true,"href":"http:\/\/caritas.elblag.pl\/index.php?rest_route=%2Fwp%2Fv2%2Fcategories&post=2275"},{"taxonomy":"post_tag","embeddable":true,"href":"http:\/\/caritas.elblag.pl\/index.php?rest_route=%2Fwp%2Fv2%2Ftags&post=2275"}],"curies":[{"name":"wp","href":"https:\/\/api.w.org\/{rel}","templated":true}]}}