{"id":2279,"date":"2025-09-08T14:19:42","date_gmt":"2025-09-08T12:19:42","guid":{"rendered":"http:\/\/caritas.elblag.pl\/?p=2279"},"modified":"2025-09-08T14:24:08","modified_gmt":"2025-09-08T12:24:08","slug":"poradnia-rodzinna-w-cde","status":"publish","type":"post","link":"http:\/\/caritas.elblag.pl\/?p=2279","title":{"rendered":"Poradnia Rodzinna w CDE"},"content":{"rendered":"\n<p><\/p>\n\n\n<div class=\"wp-block-image\">\n<figure class=\"aligncenter size-full\"><a href=\"http:\/\/caritas.elblag.pl\/wp-content\/uploads\/2025\/09\/image.png\"><img loading=\"lazy\" decoding=\"async\" width=\"98\" height=\"122\" src=\"http:\/\/caritas.elblag.pl\/wp-content\/uploads\/2025\/09\/image.png\" alt=\"\" class=\"wp-image-2280\"\/><\/a><\/figure><\/div>\n\n\n<p class=\"has-text-align-center\"><strong>zapewnia wsparcie <\/strong><br \/><strong>pedagogiczne, <\/strong><br \/><strong>psychologiczne<\/strong>,<br \/><strong>osobom<\/strong><br \/><strong>doros\u0142ym i rodzinom<\/strong>.<\/p>\n\n\n\n<p class=\"has-text-align-center\"><strong>Pracuj\u0105 tu specjali\u015bci z zakresu:<\/strong><\/p>\n\n\n\n<ul class=\"wp-block-list\">\n<li>psychologii<\/li>\n\n\n\n<li>mediacji<\/li>\n\n\n\n<li>psychotraumatologii<\/li>\n\n\n\n<li>terapii uzale\u017cnie\u0144<\/li>\n\n\n\n<li>pedagogiki<\/li>\n\n\n\n<li>psychoterapii<\/li>\n\n\n\n<li>przeciwdzia\u0142ania przemocy w rodzinie<\/li>\n\n\n\n<li>konsultacji rodzinnych<\/li>\n<\/ul>\n\n\n\n<p class=\"has-text-align-center\">Poradnia dzia\u0142a na zasadzie kr\u00f3tkofalowego wsparcia, edukacji i udzielania porad oraz informacji.<\/p>\n\n\n\n<p class=\"has-text-align-center\"><strong>Zadzwo\u0144 i um\u00f3w si\u0119 na spotkanie<\/strong><\/p>\n\n\n\n<p class=\"has-text-align-center\"><strong>tel. 668 541&nbsp;102<\/strong><\/p>\n\n\n\n<p class=\"has-text-align-center\">od poniedzia\u0142ku do pi\u0105tku<\/p>\n\n\n\n<p class=\"has-text-align-center\">(stycze\u0144\u2013czerwiec, wrzesie\u0144\u2013grudzie\u0144)<\/p>\n\n\n\n<p class=\"has-text-align-center\">Poradnia czynna w ka\u017cd\u0105 \u015brod\u0119 w godz. 15.00\u201317.00<\/p>\n\n\n\n<p class=\"has-text-align-center\"><strong>Caritas Diecezji Elbl\u0105skiej, ul. Zamkowa 17<\/strong><\/p>\n\n\n\n<p><\/p>\n","protected":false},"excerpt":{"rendered":"zapewnia wsparcie pedagogiczne, psychologiczne,osobomdoros\u0142ym i rodzinom. Pracuj\u0105 tu specjali\u015bci z zakresu: Poradnia dzia\u0142a na zasadzie kr\u00f3tkofalowego wsparcia, edukacji i udzielania porad oraz informacji. \n<a class=\"moretag\" href=\"http:\/\/caritas.elblag.pl\/?p=2279\"> [...]<\/a>","protected":false},"author":1,"featured_media":1606,"comment_status":"closed","ping_status":"closed","sticky":false,"template":"","format":"standard","meta":{"_exactmetrics_skip_tracking":false,"_exactmetrics_sitenote_active":false,"_exactmetrics_sitenote_note":"","_exactmetrics_sitenote_category":0,"footnotes":""},"categories":[6,33,24,8,7],"tags":[],"class_list":["post-2279","post","type-post","status-publish","format-standard","has-post-thumbnail","hentry","category-aktualnosci","category-dzialalnosc","category-polecane","category-wolontariat","category-zycie-kosciola"],"_links":{"self":[{"href":"http:\/\/caritas.elblag.pl\/index.php?rest_route=\/wp\/v2\/posts\/2279","targetHints":{"allow":["GET"]}}],"collection":[{"href":"http:\/\/caritas.elblag.pl\/index.php?rest_route=\/wp\/v2\/posts"}],"about":[{"href":"http:\/\/caritas.elblag.pl\/index.php?rest_route=\/wp\/v2\/types\/post"}],"author":[{"embeddable":true,"href":"http:\/\/caritas.elblag.pl\/index.php?rest_route=\/wp\/v2\/users\/1"}],"replies":[{"embeddable":true,"href":"http:\/\/caritas.elblag.pl\/index.php?rest_route=%2Fwp%2Fv2%2Fcomments&post=2279"}],"version-history":[{"count":8,"href":"http:\/\/caritas.elblag.pl\/index.php?rest_route=\/wp\/v2\/posts\/2279\/revisions"}],"predecessor-version":[{"id":2285,"href":"http:\/\/caritas.elblag.pl\/index.php?rest_route=\/wp\/v2\/posts\/2279\/revisions\/2285"}],"wp:featuredmedia":[{"embeddable":true,"href":"http:\/\/caritas.elblag.pl\/index.php?rest_route=\/wp\/v2\/media\/1606"}],"wp:attachment":[{"href":"http:\/\/caritas.elblag.pl\/index.php?rest_route=%2Fwp%2Fv2%2Fmedia&parent=2279"}],"wp:term":[{"taxonomy":"category","embeddable":true,"href":"http:\/\/caritas.elblag.pl\/index.php?rest_route=%2Fwp%2Fv2%2Fcategories&post=2279"},{"taxonomy":"post_tag","embeddable":true,"href":"http:\/\/caritas.elblag.pl\/index.php?rest_route=%2Fwp%2Fv2%2Ftags&post=2279"}],"curies":[{"name":"wp","href":"https:\/\/api.w.org\/{rel}","templated":true}]}}