{"id":262,"date":"2015-05-28T20:07:10","date_gmt":"2015-05-28T18:07:10","guid":{"rendered":"http:\/\/caritaselblag.pl\/?p=262"},"modified":"2017-02-24T21:03:28","modified_gmt":"2017-02-24T20:03:28","slug":"seniora-victoria-dziala","status":"publish","type":"post","link":"http:\/\/caritas.elblag.pl\/?p=262","title":{"rendered":"Seniora Victoria dzia\u0142a"},"content":{"rendered":"<p><strong>Od 10 grudnia 2014 na ulicy Wiejskiej 5 otworzyli\u015bmy now\u0105 plac\u00f3wk\u0119 -Jednostk\u0119 Dzia\u0142alno\u015bci Gospodarczej<\/strong><br \/>\n<strong>Caritas Diecezji Elbl\u0105skiej pn. &#8220;Seniora Victoria&#8221;.<\/strong> Obiekt pi\u0119knie wyko\u0144czony po\u015bwi\u0119ci\u0142 biskup elbl\u0105ski ks. Jacek Jezierski.<br \/>\nSeniora Victoria prowadzi dwojak\u0105 dzia\u0142alno\u015b\u0107: zaj\u0119cia tutaj ma KLUB SENIORA oraz w plac\u00f3wce\u00a0 rehabilitacyjnej mo\u017cna podleczy\u0107 swoje nadszarpni\u0119te zdrowie w bardzo milej atmosferze. Do pomocy s\u0105 &#8211; pracownik socjalny, rehabilitant i fizjoterapeuta.<\/p>\n<p><strong>Klub Seniora<\/strong> dzia\u0142a w zakresie rozwi\u0105zywania \u017cyciowych spraw osobom starszym, kt\u00f3re dzi\u0119ki tej pomocy b\u0119d\u0105 zdolne samodzielnie rozwi\u0105zywa\u0107 problemy b\u0119d\u0105ce przyczyn\u0105 trudnej sytuacji \u017cyciowej takie jak:<br \/>\n\u2013 Pobudzenie spo\u0142ecznej aktywno\u015bci i inspirowanie\u00a0 dzia\u0142a\u0144 samopomocowych.<br \/>\n\u2013 Udzielanie informacji, pomoc z korzystania s\u0142u\u017cby zdrowia.<br \/>\n\u2013 Organizacja zaj\u0119\u0107 kulturalnych i towarzyskich.<br \/>\n\u2013 Dba\u0142o\u015b\u0107 o utrzymanie sprawno\u015bci psychofizycznej i k\u00f3\u0142ek zainteresowa\u0144.<br \/>\n\u2013 Troska o stworzenie mi\u0142ej atmosfery, aby osoby starsze mog\u0142y poczu\u0107 si\u0119 jak w domu.<br \/>\nProponujemy rozw\u00f3j zainteresowa\u0144, zaj\u0119cia grupowe, zaj\u0119cia plastyczne, manualne z wykorzystaniem r\u00f3\u017cnych technik, uroczysto\u015bci i spotkania z ciekawymi lud\u017ami.<\/p>\n<p><strong>Klub Seniora proponuje:<\/strong><br \/>\n1. Warsztaty artystyczne:<br \/>\na\/ decapage,<br \/>\nb\/ wyszywanie,<br \/>\nc\/ wykonywanie ozd\u00f3b.<br \/>\n2. Spotkania z kultur\u0105 i sztuk\u0105:<br \/>\na\/ odwiedziny (teatr, muzeum, instytucje),<br \/>\nb\/ spotkania (okoliczno\u015bciowe, ciekawi ludzie,<br \/>\npasjonaci),<br \/>\nc\/ klub dobrej ksi\u0105\u017cki.<br \/>\n3. Aktywizacja:<br \/>\na\/ wycieczki w plener,<br \/>\nb\/ nauka asertywno\u015bci,<br \/>\nc\/ gry i zabawy,<br \/>\nd\/ profilaktyka zdrowego \u017cycia.<\/p>\n<p><strong>Elbl\u0105g, ul. Wiejska 5, tel. kom. 662257241<\/strong><\/p>\n<p><a href=\"http:\/\/caritaselblag.pl\/wp-content\/uploads\/2015\/05\/IMG_9937_mn.jpg\"><img loading=\"lazy\" decoding=\"async\" class=\"alignnone wp-image-256\" src=\"http:\/\/caritaselblag.pl\/wp-content\/uploads\/2015\/05\/IMG_9937_mn.jpg\" alt=\"IMG_9937_mn\" width=\"622\" height=\"321\" srcset=\"http:\/\/caritas.elblag.pl\/wp-content\/uploads\/2015\/05\/IMG_9937_mn.jpg 907w, http:\/\/caritas.elblag.pl\/wp-content\/uploads\/2015\/05\/IMG_9937_mn-300x155.jpg 300w\" sizes=\"auto, (max-width: 622px) 100vw, 622px\" \/><\/a><\/p>\n<p><strong>Seniora Victoria to tak\u017ce rehabilitacja nadszarpni\u0119tego zdrowia.<\/strong><\/p>\n<p>Mo\u017cna tu skorzysta\u0107 z:<\/p>\n<p>a\/ masa\u017cu r\u0119cznego poszczeg\u00f3lnych partii<br \/>\ni ca\u0142ego cia\u0142a,<br \/>\nb\/ lasera,<br \/>\nc\/ gimnastyki og\u00f3lno-usprawniaj\u0105cej<br \/>\n\u2013 indywidualnej<br \/>\n\u2013 grupowej<br \/>\n\u0106wicze\u0144 przy pomocy: pi\u0142ek du\u017cych i ma\u0142ych,<br \/>\nta\u015bm, drabinek, roweru, ko\u0142a, lasek itp.<br \/>\nZapewniamy mi\u0142\u0105 i ciep\u0142\u0105 atmosfer\u0119.<\/p>\n<p><strong>Zapisy codziennie od poniedzia\u0142ku do pi\u0105tku <\/strong><br \/>\n<strong>w godz. od 8:00 do 15:00.<\/strong><\/p>\n<p>wi\u0119cej informacji<\/p>\n<p><a href=\"http:\/\/caritaselblag.pl\/wp-content\/uploads\/2015\/05\/Caritas_A6_net.pdf\">Caritas_A6_net<\/a><\/p>\n<p><a href=\"http:\/\/caritaselblag.pl\/wp-content\/uploads\/2015\/05\/plakat_A4_net.pdf\">plakat_A4_net<\/a><\/p>\n","protected":false},"excerpt":{"rendered":"Od 10 grudnia 2014 na ulicy Wiejskiej 5 otworzyli\u015bmy now\u0105 plac\u00f3wk\u0119 -Jednostk\u0119 Dzia\u0142alno\u015bci Gospodarczej Caritas Diecezji Elbl\u0105skiej pn. &#8220;Seniora Victoria&#8221;. Obiekt pi\u0119knie wyko\u0144czony \n<a class=\"moretag\" href=\"http:\/\/caritas.elblag.pl\/?p=262\"> [...]<\/a>","protected":false},"author":1,"featured_media":264,"comment_status":"closed","ping_status":"closed","sticky":false,"template":"","format":"standard","meta":{"_exactmetrics_skip_tracking":false,"_exactmetrics_sitenote_active":false,"_exactmetrics_sitenote_note":"","_exactmetrics_sitenote_category":0,"footnotes":""},"categories":[6,24],"tags":[27,13,28,29,26,25],"class_list":["post-262","post","type-post","status-publish","format-standard","has-post-thumbnail","hentry","category-aktualnosci","category-polecane","tag-aktywizacja","tag-klub-seniora","tag-laser","tag-masaz","tag-rehabilitacja","tag-warsztaty-artystyczne"],"_links":{"self":[{"href":"http:\/\/caritas.elblag.pl\/index.php?rest_route=\/wp\/v2\/posts\/262","targetHints":{"allow":["GET"]}}],"collection":[{"href":"http:\/\/caritas.elblag.pl\/index.php?rest_route=\/wp\/v2\/posts"}],"about":[{"href":"http:\/\/caritas.elblag.pl\/index.php?rest_route=\/wp\/v2\/types\/post"}],"author":[{"embeddable":true,"href":"http:\/\/caritas.elblag.pl\/index.php?rest_route=\/wp\/v2\/users\/1"}],"replies":[{"embeddable":true,"href":"http:\/\/caritas.elblag.pl\/index.php?rest_route=%2Fwp%2Fv2%2Fcomments&post=262"}],"version-history":[{"count":6,"href":"http:\/\/caritas.elblag.pl\/index.php?rest_route=\/wp\/v2\/posts\/262\/revisions"}],"predecessor-version":[{"id":531,"href":"http:\/\/caritas.elblag.pl\/index.php?rest_route=\/wp\/v2\/posts\/262\/revisions\/531"}],"wp:featuredmedia":[{"embeddable":true,"href":"http:\/\/caritas.elblag.pl\/index.php?rest_route=\/wp\/v2\/media\/264"}],"wp:attachment":[{"href":"http:\/\/caritas.elblag.pl\/index.php?rest_route=%2Fwp%2Fv2%2Fmedia&parent=262"}],"wp:term":[{"taxonomy":"category","embeddable":true,"href":"http:\/\/caritas.elblag.pl\/index.php?rest_route=%2Fwp%2Fv2%2Fcategories&post=262"},{"taxonomy":"post_tag","embeddable":true,"href":"http:\/\/caritas.elblag.pl\/index.php?rest_route=%2Fwp%2Fv2%2Ftags&post=262"}],"curies":[{"name":"wp","href":"https:\/\/api.w.org\/{rel}","templated":true}]}}