{"id":272,"date":"2015-06-11T12:12:21","date_gmt":"2015-06-11T10:12:21","guid":{"rendered":"http:\/\/caritaselblag.pl\/?p=272"},"modified":"2015-12-08T09:38:12","modified_gmt":"2015-12-08T08:38:12","slug":"pomoc-kosciola-na-rzecz-ubogich-w-ramach-caritas","status":"publish","type":"post","link":"http:\/\/caritas.elblag.pl\/?p=272","title":{"rendered":"Pomoc ko\u015bcio\u0142a na rzecz ubogich w ramach Caritas"},"content":{"rendered":"<p><strong>Ksi\u0105dz Subocz, dyrektor Caritas Polska przedstawi\u0142 polskim biskupom zarys dzia\u0142alno\u015bci struktur diecezjalnych Caritas z okazji jubileuszu 25 lecia pos\u0142ugi charytatywnej na rzecz ubogich.<\/strong><\/p>\n<p><strong>Przy okazji zaapelowa\u0142\u00a0o tworzenie k\u00f3\u0142 Caritas\u00a0w ka\u017cdej parafii oraz\u00a0o uwra\u017cliwianie kleryk\u00f3w\u00a0na etapie formacji\u00a0na potrzeby ludzi potrzebuj\u0105cych, chorych\u00a0i\u00a0ubogich.<\/strong><\/p>\n<p>Prelegent przypomnia\u0142, \u017ce Caritas dzia\u0142aj\u0105ca\u00a0w Polsce\u00a0w 44 diecezjach\u00a0to obecnie ponad 100 tysi\u0119cy wolontariuszy, 900 plac\u00f3wek\u00a0z wykwalifikowan\u0105 kadr\u0105 \u015bwiadcz\u0105c\u0105 codzienn\u0105 pomoc\u00a0na wszelkich polach ludzkiej biedy\u00a0i\u00a0problem\u00f3w.<\/p>\n<p>Doda\u0142, \u017ce <strong>najbardziej znanym symbolem Caritas\u00a0w Polsce jest \u015bwieca Wigilijnego Dzie\u0142a Pomocy Dzieciom<\/strong>. Tych \u015bwiec rozprowadzono ju\u017c ponad 20\u00a0min. Dzi\u0119ki temu blisko milion dzieci otrzyma\u0142o\u00a0pomoc.<\/p>\n<blockquote><p>Rokrocznie wydajemy osobom ubogim\u00a0ok.\u00a0l\u00a0min 800\u00a0tys. posi\u0142k\u00f3w. <strong>Prowadzimy noclegownie, jad\u0142odajnie, domy samotnej matki, okna \u017cycia, \u015bwietlice socjoterapeutyczne, hospicja, punkty wydawania odzie\u017cy, punkty dystrybucji \u017cywno\u015bci, warsztaty terapii zaj\u0119ciowej, o\u015brodki interwencji\u00a0kryzysowej<\/strong><\/p><\/blockquote>\n<p>\u2014\u00a0poinformowa\u0142.<\/p>\n<blockquote><p>id\u0105c\u00a0za wezwaniem Ojc\u00f3w Synodalnych, chcemy towarzyszy\u0107 rodzinie, szuka\u0107 systemowych rozwi\u0105za\u0144 oraz efektywnego wsparcia\u00a0tej pierwszej szko\u0142y\u00a0mi\u0142o\u015bci.<\/p><\/blockquote>\n<p>Nast\u0119pnie dyrektor Caritas Polska zaprezentowa\u0142 konkretne obszary dzia\u0142ania\u00a0tej\u00a0instytucji.<\/p>\n<p><strong>Osoby niepe\u0142nosprawne\u00a0i\u00a0chore<\/strong><\/p>\n<p>Ks. Subocz poinformowa\u0142, \u017ce\u00a0wg wynik\u00f3w spisu powszechnego\u00a0z 2011 roku liczba os\u00f3b niepe\u0142nosprawnych\u00a0w Polsce wynosi\u0142a oko\u0142o 4,7\u00a0min (12,2% ludno\u015bci kraju). W zwi\u0105zku\u00a0z\u00a0tym osoby\u00a0te stanowi\u0105 wa\u017cne wyzwanie\u00a0dla\u00a0Caritas.<\/p>\n<p>W zakresie pomocy osobom niepe\u0142nosprawnym &#8211; jak informuje\u00a0ks. Subocz &#8211; oferta Caritas <a id=\"anchorbbtBubble245\" class=\"bbtWord double\" rel=\"nofollow\"><\/a>sprowadza si\u0119\u00a0do prowadzenia specjalistycznych plac\u00f3wek ukierunkowanych\u00a0na pomoc\u00a0tej grupie os\u00f3b. <strong>W warsztatach terapii zaj\u0119ciowej beneficjenci maj\u0105 mo\u017cliwo\u015b\u0107 uczestnictwa\u00a0w rehabilitacji spo\u0142ecznej\u00a0i zawodowej.<\/strong> Caritas prowadzi 63 Warsztaty Terapii Zaj\u0119ciowej\u00a0dla 2594 os\u00f3b. Beneficjenci otrzymuj\u0105 wsparcie r\u00f3wnie\u017c\u00a0w Zak\u0142adach Aktywno\u015bci Zawodowej, dzia\u0142aj\u0105 Sp\u00f3\u0142dzielnie Socjalne. Przedmiot dzia\u0142alno\u015bci sp\u00f3\u0142dzielni socjalnej\u00a0to prowadzenie wsp\u00f3lnego przedsi\u0119biorstwa opartego\u00a0na pracy osobistej swoich cz\u0142onk\u00f3w. Zak\u0142ady Aktywno\u015bci Zawodowej s\u0105 odpowiedzi\u0105\u00a0na potrzeby os\u00f3b niepe\u0142nosprawnych chc\u0105cych\u00a0i mog\u0105cych podj\u0105\u0107 zatrudnienie. Maj\u0105\u00a0za zadanie zape\u0142ni\u0107 nisz\u0119 spowodowan\u0105\u00a0tym, \u017ce otwarty rynek pracy\u00a0nie chce przyj\u0105\u0107 znacznej cz\u0119\u015bci tych\u00a0os\u00f3b.<\/p>\n<p>Od 2008 roku\u00a0do ko\u0144ca czerwca 2015\u00a0r., Caritas Polska realizowa\u0142a projekt \u201eWsparcie os\u00f3b niepe\u0142nosprawnych ruchowo\u00a0na rynku pracy\u201d. Wsparciem zosta\u0142y obj\u0119te osoby niepe\u0142nosprawne ruchowo\u00a0w stopniu znacznym oraz\u00a0ich rodzice\/opiekunowie. <strong>Celem projektu jest aktywizacja spo\u0142eczna\u00a0i zawodowa os\u00f3b niepe\u0142nosprawnych.<\/strong> W ramach projektu prowadzone s\u0105 warsztaty, szkolenia podnosz\u0105ce kwalifikacje oraz zawodowe, sta\u017ce rehabilitacyjne, indywidualne zaj\u0119cia praktyczne. Jest mo\u017cliwo\u015b\u0107 wsparcia\u00a0w zakresie nauki\u00a0w postaci op\u0142acenia czesnego\u00a0i <a id=\"anchorbbtBubble404\" class=\"bbtWord double\" rel=\"nofollow\"><\/a>zakupu podr\u0119cznik\u00f3w. Osoby niepe\u0142nosprawne korzystaj\u0105\u00a0ze wsparcia psychologa, doradcy zawodowego\u00a0i prawnika. Projekt by\u0142 realizowane\u00a0w partnerstwie\u00a0ze \u015brodk\u00f3w <span class=\"caps\">DE<\/span>\u00a0w ramach <span class=\"caps\">EFS<\/span> oraz <span class=\"caps\">PFRON<\/span>.<\/p>\n<p>Ponadto Caritas\u00a0w 44 miastach ca\u0142ej Polski posiada zaplecze logistyczne\u00a0w postaci biur Projektu oraz niezb\u0119dne \u015brodki techniczne. Wyspecjalizowane biura dostosowane\u00a0do potrzeb os\u00f3b niepe\u0142nosprawnych poprzez\u00a0np. podjazdy, \u0142azienki, sale wyk\u0142adowe, zaplecze noclegowe. W zwi\u0105zku\u00a0z prowadzon\u0105 dzia\u0142alno\u015bci\u0105\u00a0na rzecz os\u00f3b niepe\u0142nosprawnych\u00a0w Caritas diecezjalnych znajduje si\u0119 sprz\u0119t\u00a0rehabilitacyjny.<\/p>\n<p><strong>W Caritas diecezjalnych organizowane s\u0105 liczne inicjatywy\u00a0z my\u015bl\u0105\u00a0o osobach niepe\u0142nosprawnych: Wigilie, rekolekcje, pielgrzymki<\/strong> (m.in. og\u00f3lnopolska pielgrzymka os\u00f3b niepe\u0142nosprawnych\u00a0do Lourdes), grupy wsparcia\u00a0dla rodzin os\u00f3b niepe\u0142nosprawnych\u00a0pod okiem wyspecjalizowanych\u00a0kadr.<\/p>\n<p>Caritas utworzy\u0142a profesjonalne plac\u00f3wki opieku\u0144czo-wychowawcze\u00a0dla os\u00f3b niepe\u0142nosprawnych,\u00a0do kt\u00f3rych trzeba zaliczy\u0107 Stacje Opieki Caritas, o\u015brodki rehabilitacyjne Zak\u0142ady Piel\u0119gnacyjno-Opieku\u0144cze, Domy Dziennego pobytu Warsztaty Terapii\u00a0Zaj\u0119ciowej\u00a0itp.<\/p>\n<p><strong>Caritas diecezjalne prowadz\u0105 40 plac\u00f3wek typu \u015brodowiskowe domy opieki\u00a0dla 1141 os\u00f3b starszych oraz 15 dom\u00f3w dziennego pobytu\u00a0dla senior\u00f3w,\u00a0z kt\u00f3rych skorzysta\u0142o 646 beneficjent\u00f3w.<\/strong> Dzia\u0142aj\u0105 r\u00f3wnie\u017c 34 \u015bwietlice parafialne\u00a0dla senior\u00f3w,\u00a0do kt\u00f3rych ucz\u0119szcza 538 os\u00f3b oraz 39 klub\u00f3w seniora\u00a0dla 948 os\u00f3b starszych. Osoby starsze mog\u0105 uzyska\u0107 pomoc\u00a0w 34 domach pomocy spo\u0142ecznej,\u00a0w kt\u00f3rych przebywa\u00a0ok. 2314 senior\u00f3w. W Caritas diecezjalnych dzia\u0142aj\u0105 r\u00f3wnie\u017c 3 rodzinne domy opieki\u00a0dla 33 starszych os\u00f3b. W zakresie pomocy osobom chorym &#8211; jak podkre\u015bla\u00a0ks. Subocz &#8211; sprawdzaj\u0105 si\u0119 Stacje Opieki Caritas. Celem stacji jest mo\u017cliwo\u015b\u0107 korzystania\u00a0z opieki piel\u0119gniarskiej\u00a0i zabieg\u00f3w rehabilitacyjnych ludziom, kt\u00f3rzy maj\u0105 problem\u00a0z dotarciem\u00a0do plac\u00f3wek s\u0142u\u017cby zdrowia. Obecnie jest\u00a0ich\u00a0ok. 200. <strong>Inn\u0105 form\u0105 pomocy\u00a0dla os\u00f3b chorych s\u0105 zak\u0142ady opieki lekarskiej.<\/strong> W Caritas diecezjalnych jest\u00a0ich 16. dzia\u0142aj\u0105 r\u00f3wnie\u017c: 32 poradnie lekarskie, 13 aptek, 5 plac\u00f3wek ambulatoryjnych, 6 stacjonarnych plac\u00f3wek\u00a0dla os\u00f3b uzale\u017cnionych. Caritas prowadzi 9 hospicj\u00f3w stacjonarnych, kt\u00f3re posiadaj\u0105 188 miejsc. Istnieje r\u00f3wnie\u017c 46 hospicj\u00f3w\u00a0domowych.<\/p>\n<p><strong>Osoby\u00a0starsze<\/strong><\/p>\n<p>Ks. Subocz poinformowa\u0142, \u017ce oczekiwanemu przez demograf\u00f3w wzrostowi liczby os\u00f3b starszych\u00a0w Polsce towarzyszy\u0107 b\u0119dzie og\u00f3lny spadek liczby ludno\u015bci. Wynosz\u0105cy\u00a0w 2007\u00a0r. 13,46% odsetek os\u00f3b\u00a0w wieku 65\u00a0lat\u00a0i <a id=\"anchorbbtBubble730\" class=\"bbtWord double\" rel=\"nofollow\"><\/a>wi\u0119cej wzro\u015bnie\u00a0w Polsce\u00a0do roku 2035\u00a0do\u00a023,22%.<\/p>\n<p><strong>Znaczne wyd\u0142u\u017cenie czasu\u00a0ich \u017cycia &#8211; zdaniem\u00a0ks. Subocza &#8211; przyniesie\u00a0w konsekwencji znaczny wzrost zapotrzebowania\u00a0na opiek\u0119\u00a0d\u0142ugoterminow\u0105.<\/strong><\/p>\n<blockquote><p>Dlatego te\u017c bardzo pilne jest\u00a0i nadal nierozwi\u0105zane przez pa\u0144stwo, przygotowanie systemu opieki zdrowotnej\u00a0do post\u0119puj\u0105cego procesu starzenia si\u0119 polskiego\u00a0spo\u0142ecze\u0144stwa<\/p><\/blockquote>\n<p>\u2014\u00a0podkre\u015bli\u0142.<\/p>\n<p><strong>Pomoc ofiarom\u00a0kl\u0119sk<\/strong><\/p>\n<p>Ks. Subocz poinformowa\u0142, \u017ce Caritas\u00a0b. aktywnie pomaga ofiarom kl\u0119sk \u017cywio\u0142owych\u00a0w Polsce. Po\u017cary, powodzie, tr\u0105by powietrzne. Pow\u00f3d\u017a\u00a0w Polsce\u00a0w 2010\u00a0r. mobilizowa\u0142a ca\u0142e spo\u0142ecze\u0144stwo, pomoc Caritas wynios\u0142a 46 183 313\u00a0z\u0142.<\/p>\n<p><strong>Okna\u00a0\u017cycia<\/strong><\/p>\n<p>Ca\u0142kiem nowatorska inicjatywna Caritas\u00a0to okna \u017cycia &#8211; informuje\u00a0ks. Subocz. Okno\u00a0to miejsce,\u00a0w kt\u00f3rym matka mo\u017ce pozostawi\u0107 anonimowo swoje nowo narodzone dziecko\u00a0bez nara\u017cania jego \u017cycia\u00a0i zdrowia. <strong>Obecnie\u00a0w ca\u0142ym kraju s\u0105 54 takie okna<\/strong>,\u00a0a\u00a0ich otwarcie najcz\u0119\u015bciej nast\u0119puje 25 marca &#8211; w \u015bwi\u0119to Zwiastowania Pa\u0144skiego,\u00a0gdy\u00a0w Polsce obchodzony jest Dzie\u0144 \u015awi\u0119to\u015bci \u017bycia. Organizuj\u0105\u00a0je zazwyczaj diecezjalne Caritas\u00a0we wsp\u00f3\u0142pracy\u00a0ze zgromadzeniami \u017ce\u0144skimi, domami samotnej matki,\u00a0a nawet szpitalami\u00a0miejskimi.<\/p>\n<p><strong>Do\u00a0tej pory\u00a0w Oknach \u017bycia pozostawiono 83 niemowl\u0119ta.<\/strong> W 2013 roku\u00a0w oknach znaleziono 18 dzieci,\u00a0w 2014 &#8211; 8,\u00a0a\u00a0w 2015 &#8211;\u00a05.<\/p>\n<p>Rola Caritas &#8211; jak poinformowa\u0142 prelegent &#8211; ko\u0144czy si\u0119\u00a0w momencie przekazania dziecka\u00a0pod opiek\u0119 medyczn\u0105. Od tego momentu zajmuj\u0105 si\u0119\u00a0nim pracownicy szpitala,\u00a0do kt\u00f3rego zostaje skierowane\u00a0na badania. Dalszy\u00a0<a id=\"anchorbbtBubble944\" class=\"bbtWord double\" rel=\"nofollow\"><\/a>los dziecka okre\u015blaj\u0105 procedury ustalone przez\u00a0pa\u0144stwo.<\/p>\n<p><strong>Program\u00a0Skrzyd\u0142a<\/strong><\/p>\n<p>Celem programu Skrzyd\u0142a &#8211; jak informuje dyrektor Caritas Polska &#8211; jest obj\u0119cie d\u0142ugoterminow\u0105 pomoc\u0105 uczni\u00f3w szk\u00f3\u0142 podstawowych, gimnazj\u00f3w\u00a0i lice\u00f3w, kt\u00f3rzy\u00a0z powodu z\u0142ej sytuacji materialnej <a id=\"anchorbbtBubble977\" class=\"bbtWord double\" rel=\"nofollow\"><\/a>wymagaj\u0105 wsparcia\u00a0w formie do\u017cywiania, wyprawek szkolnych, odzie\u017cy zimowej\u00a0i letniej, dofinansowania\u00a0do <a id=\"anchorbbtBubble990\" class=\"bbtWord double\" rel=\"nofollow\"><\/a>wycieczek\u00a0szkolnych.<\/p>\n<p>Od pocz\u0105tku funkcjonowania programu\u00a0od 2005\u00a0do 2014 wsparcie\u00a0w ramach projektu uzyska\u0142o ponad 6.000\u00a0dzieci.<\/p>\n<p>Ze \u015brodk\u00f3w Caritas Polska\u00a0w roku szkolnym 2014\/2015 pomoc\u0105 zosta\u0142o obj\u0119tych 445 dzieci\u00a0z 31\u00a0diecezji.<\/p>\n<p><strong>Wakacyjna Akcja\u00a0Caritas<\/strong><\/p>\n<p>Jednym\u00a0z g\u0142\u00f3wnych zada\u0144 Caritas Diecezjalnych &#8211; jak informuje\u00a0ks. Subocz &#8211; jest organizowanie letniego wypoczynku\u00a0dla dzieci\u00a0z rodzin ubogich, <strong>w 2014\u00a0r.\u00a0z kolonii organizowanych przez <span class=\"caps\">CD<\/span> skorzysta\u0142o\u00a0w Polsce\u00a0ok. 30000 dzieci<\/strong>. Caritas Diecezjalne posiadaj\u0105 ponad 50 o\u015brodk\u00f3w w\u0142asnych, przez\u00a0co koszt kolonii\u00a0nie jest\u00a0wysoki.<\/p>\n<p><strong>Kromka\u00a0Chleba<\/strong><\/p>\n<p>Od 2002 roku &#8211; jak informuje\u00a0ks. Subocz &#8211; Caritas\u00a0w Polsce prowadzi og\u00f3lnopolsk\u0105 <a id=\"anchorbbtBubble1089\" class=\"bbtWord double\" rel=\"nofollow\"><\/a>kampani\u0119 spo\u0142eczn\u0105 \u201eKromka Chleba\u201d. Jej zadaniem jest zbieranie \u015brodk\u00f3w\u00a0na pomoc \u017cywno\u015bciow\u0105\u00a0dla najubo\u017cszych oraz budzenie wra\u017cliwo\u015bci\u00a0na mi\u0119dzy innymi problem bezdomno\u015bci\u00a0i marginalizacji spo\u0142ecznej najs\u0142abszych ekonomicznie grup spo\u0142ecznych; bezrobotnych, rodzin niepe\u0142nych, rodzin wielodzietnych, os\u00f3b nieprzystosowanych spo\u0142ecznie, chorych\u00a0i niepe\u0142nosprawnych. W czasie rocznej kampanii prowadzona jest zbi\u00f3rka \u017cywno\u015bci, kt\u00f3ra trafia\u00a0do jad\u0142odajni, \u015bwietlic, kuchni\u00a0dla ubogich oraz os\u00f3b\u00a0i rodzin znajduj\u0105cych si\u0119\u00a0w trudnej sytuacji materialnej. Pozyskane \u015brodki finansowe wspieraj\u0105 dzia\u0142alno\u015b\u0107 noclegowni, kuchni\u00a0dla ubogich, ogrzewalni\u00a0i \u0142a\u017ani. Wydatkowanie darowanych \u015brodk\u00f3w przeznaczane jest\u00a0na posi\u0142ki oraz\u00a0na najpotrzebniejsze produkty zwi\u0105zane\u00a0z\u00a0ich przygotowaniem. Posi\u0142ki wydawane s\u0105 osobom potrzebuj\u0105cym &#8211; samotnym matkom, osobom bezdomnym, dzieciom ucz\u0119szczaj\u0105cym\u00a0do \u015bwietlic, beneficjentom centr\u00f3w charytatywnych,\u00a0jak r\u00f3wnie\u017c osobom starszym\u00a0i wykluczonym\u00a0spo\u0142ecznie.<\/p>\n<p>W 2014\u00a0w akcji wzi\u0119\u0142o udzia\u0142 40 Caritas Diecezjalnych. Ka\u017cda\u00a0ze zg\u0142oszonych Caritas otrzyma\u0142a kwot\u0119\u00a0w wysoko\u015bci 8 000,- z\u0142. Caritas Polska\u00a0na wspomniany\u00a0cel\u00a0w 2014\u00a0r. przeznaczy\u0142a \u0142\u0105cznie 320 0tys. &#8211;\u00a0z\u0142.<\/p>\n<p><strong>Do\u017cywianie dzieci\u00a0w\u00a0\u015bwietlicach<\/strong><\/p>\n<p>Najbardziej dotkliwy\u00a0dla dzieci\u00a0w Polsce &#8211; jak podkre\u015bli\u0142\u00a0ks. Subocz &#8211; jest g\u0142\u00f3d. W r\u00f3\u017cnych \u017ar\u00f3d\u0142ach szacunki dotycz\u0105ce skali niedo\u017cywiania dzieci\u00a0w Polsce wahaj\u0105 si\u0119\u00a0od 130\u00a0tys. dzieci cierpi\u0105cych\u00a0z powodu niedo\u017cywienia (dotyczy tylko dzieci\u00a0w wieku 7-12\u00a0lat) do 1,5\u00a0min wszystkich polskich dzieci wymagaj\u0105cych do\u017cywiania. Wed\u0142ug raportu\u00a0z bada\u0144 niedo\u017cywienia\u00a0w Polsce mi\u0119dzynarodowej firmy MillwardBrown a\u017c 120 000 polskich dzieci przychodzi\u00a0do szko\u0142y g\u0142odnych,\u00a0a\u00a0dla ponad 70 000 jedynym posi\u0142kiem\u00a0w ci\u0105gu dnia jest obiad\u00a0ze szkolnej sto\u0142\u00f3wki. <strong>Zgodnie\u00a0z badaniami przeprowadzonymi przez <span class=\"caps\">SMG<\/span> <span class=\"caps\">KRC<\/span> prawie\u00a0co trzecie dziecko\u00a0w wieku 7-15\u00a0lat wymaga do\u017cywiania.<\/strong> Pod wzgl\u0119dem ub\u00f3stwa\u00a0w <span class=\"caps\">UE<\/span>, Polska klasyfikuje si\u0119\u00a0na 24 miejscu, bior\u0105c\u00a0pod uwag\u0119 niedo\u017cywienie dzieci jeste\u015bmy zaraz\u00a0za Rumuni\u0105\u00a0i\u00a0Bu\u0142gari\u0105.<\/p>\n<p>Z raportu <span class=\"caps\">GUS<\/span>\u00a0za\u00a0rok 2011 wynika &#8211; jak zaznacza\u00a0ks. Subocz &#8211; \u017ce\u00a0w trudnej sytuacji s\u0105 rodziny wielodzietnych. Ponad 8,5 % takich rodzin odmawia sobie mi\u0119sa\u00a0a 7,4% owoc\u00f3w\u00a0i warzyw\u00a0z powodu ub\u00f3stwa. <strong>Ponad milion dzieci\u00a0w Polsce jest dotkni\u0119tych bied\u0105.<\/strong> Do 2013\u00a0r. Caritas prowadzi\u0142a do\u017cywianie\u00a0w \u015bwietlicach dofinansowane przez Carrefour. W 2013 t\u0105 drog\u0105 otrzyma\u0142o wsparcie 1260\u00a0dzieci.<\/p>\n<p><strong>Bezdomni<\/strong><\/p>\n<p>Ks. Subocz poinformowa\u0142, \u017ce\u00a0w ca\u0142ym kraju Caritas oferuje bezdomnym 3\u00a0tys. miejsc, za\u015b\u00a0w miar\u0119 potrzeb mo\u017cliwe jest tworzenie nowych. We wszystkich plac\u00f3wkach Caritas\u00a0w Polsce\u00a0w 2012 roku\u00a0w <a id=\"anchorbbtBubble1457\" class=\"bbtWord double\" rel=\"nofollow\"><\/a>sumie pomocy udzielono 7 ty\u015b. os\u00f3b. Caritas opiekuje si\u0119 bezdomnymi\u00a0i potrzebuj\u0105cymi przez ca\u0142y\u00a0rok\u00a0ale <a id=\"anchorbbtBubble1473\" class=\"bbtWord double\" rel=\"nofollow\"><\/a>zima jest okresem szczeg\u00f3lnym. Wzrasta wtedy zapotrzebowanie\u00a0na miejsca noclegowe, ogrzewalnie\u00a0i ciep\u0142e posi\u0142ki. <strong>W 2012 roku Caritas wyda\u0142a\u00a0l\u00a0min 800 tysi\u0119cy posi\u0142k\u00f3w\u00a0dla\u00a0potrzebuj\u0105cych.<\/strong><\/p>\n<p><strong>W Polsce przebywa ponad 30 tysi\u0119cy os\u00f3b bezdomnych, s\u0105 w\u015br\u00f3d nich tak\u017ce kobiety\u00a0i dzieci.<\/strong> 8,5 tysi\u0105ca spo\u015br\u00f3d nich mieszka\u00a0na ulicach,\u00a0w opuszczonych domach\u00a0i dzia\u0142kowych altanach. Alkohol, bezrobocie, rozwody &#8211; to g\u0142\u00f3wne przyczyny bezdomno\u015bci. Przeci\u0119tnie polski bezdomny pozostaje\u00a0bez dachu\u00a0nad g\u0142ow\u0105 przez oko\u0142o 6\u00a0lat. Bezdomno\u015b\u0107\u00a0w Polsce\u00a0to g\u0142\u00f3wnie bezdomno\u015b\u0107\u00a0<a id=\"anchorbbtBubble1553\" class=\"bbtWord double\" rel=\"nofollow\"><\/a>m\u0119\u017cczyzn.<\/p>\n<p><strong>Pomoc migrantom\u00a0i\u00a0uchod\u017acom<\/strong><\/p>\n<p>To bardzo wa\u017cny element dzia\u0142ania Caritas &#8211; podkre\u015bla\u00a0ks. Subocz. Caritas Polska\u00a0od ponad 20\u00a0lat prowadzi Centra Pomocy Migrantom\u00a0i Uchod\u017acom, kt\u00f3re\u00a0co roku udzielaj\u0105 wsparcia blisko 3 000 potrzebuj\u0105cym. <strong>Dzi\u0119ki wieloletniemu do\u015bwiadczeniu diecezjalne Centra zatrudniaj\u0105 profesjonalnych pracownik\u00f3w, kt\u00f3rzy zapewniaj\u0105 kompleksow\u0105 pomoc: spo\u0142eczn\u0105, prawn\u0105, psychologiczn\u0105 oraz zawodow\u0105.<\/strong> Pomoc\u00a0ta jest realizowana\u00a0w Warszawie,\u00a0a tak\u017ce przy wschodniej granicy pa\u0144stwa\u00a0w Bia\u0142ymstoku, Bia\u0142ej Podlaskiej oraz Lublinie,\u00a0a tak\u017ce\u00a0na Zachodzie\u00a0w Zgorzelcu oraz Zielonej <a id=\"anchorbbtBubble1631\" class=\"bbtWord double\" rel=\"nofollow\"><\/a>G\u00f3rze. Swoje wsparcie zapewniamy wsp\u00f3\u0142pracuj\u0105c systematycznie\u00a0z <span class=\"caps\">MSW<\/span> oraz O\u015brodkami\u00a0dla Cudzoziemc\u00f3w prowadzonymi przez Urz\u0105d\u00a0ds. Cudzoziemc\u00f3w oraz O\u015brodkami Strze\u017conymi\u00a0dla Cudzoziemc\u00f3w prowadzonymi przez Stra\u017c Graniczn\u0105,\u00a0w kt\u00f3rych\u00a0m.in. prawnicy Caritas pomagaj\u0105 uchod\u017acom,\u00a0a psychologowie wspieraj\u0105 cudzoziemskie rodziny\u00a0w nowej ojczy\u017anie. Prowadzimy dzia\u0142ania\u00a0na rzecz integracji uchod\u017ac\u00f3w\u00a0ze spo\u0142ecze\u0144stwem przyjmuj\u0105cym, organizuj\u0105c turnusy wakacyjne\u00a0dla dzieci\u00a0uchod\u017ac\u00f3w.<\/p>\n<p>Caritas Polska &#8211; podkre\u015bla\u00a0ks. Subocz &#8211; nie pozostanie oboj\u0119tna\u00a0na zjawisko migracji wywo\u0142anych nowymi konfliktami zbrojnymi\u00a0i prze\u015bladowaniem chrze\u015bcijan\u00a0na Bliskim Wschodzie. Jako spo\u0142eczno\u015b\u0107 44 Caritas diecezjalnych posiada\u00a0ona ponad 600 miejsc wst\u0119pnie\u00a0w o\u015brodkach\u00a0w ca\u0142ej Polsce. Rocznie pomaga 3000 tysi\u0105com\u00a0uchod\u017ac\u00f3w.<\/p>\n<p><strong>Wsp\u00f3\u0142praca\u00a0zagraniczna<\/strong><\/p>\n<p>Ks. Subocz poinformowa\u0142, \u017ce Caritas Polska wsp\u00f3\u0142pracuje szczeg\u00f3lnie\u00a0z Caritas Europa\u00a0i Caritas\u00a0Internationalis.<\/p>\n<p>Na rzecz potrzeb\u00a0za granic\u0105\u00a0w latach 2014 -2015 odby\u0142y si\u0119 2 og\u00f3lnopolskie zbi\u00f3rki\u00a0w ko\u015bcio\u0142ach\u00a0na pro\u015bb\u0119 <span class=\"caps\">KEP<\/span> (Ba\u0142kany, Nepal) oraz 2 wezwania\u00a0do modlitwy\u00a0o pok\u00f3j\u00a0na Ukrainie. W 2014\u00a0r. pomagali\u015bmy szczeg\u00f3lnie\u00a0na Ukrainie,\u00a0na Ba\u0142kanach,\u00a0na Bliskim Wschodzie (Gaza, Irak, Syria, Liban),\u00a0w Azji (Filipiny, Sri Lanka) 13 projekt\u00f3w\u00a0w 7 krajach Afryki oraz\u00a0w kilkudziesi\u0119ciu innych\u00a0miejscach.<\/p>\n<p><strong>Dodatkowo,\u00a0od 2006\u00a0r. Caritas Polska koordynuje wakacje dzieci polonijnych.<\/strong> W 2014\u00a0r. 19 Caritas\u00a0w Polsce zorganizowa\u0142o 38 turnus\u00f3w kolonijnych,\u00a0w kt\u00f3rych uczestniczy\u0142o 1655 dzieci polonijnych\u00a0ze Wschodu (989 dzieci\u00a0z Bia\u0142orusi, 601 dzieci\u00a0z Ukrainy, 45 dzieci\u00a0z Litwy, 20 dzieci\u00a0z Rumuni) oraz 2102 dzieci\u00a0z Polski. Dofinansowanie ka\u017cdego roku si\u0119 zmniejsza,\u00a0w 2014 otrzymali\u015bmy\u00a0z <span class=\"caps\">MSZ<\/span> 2\u00a0min z\u0142,\u00a0w 2015\u00a0370\u00a0tys.<\/p>\n<p><strong>Co\u00a0dalej?<\/strong><\/p>\n<p>W ramach rekomendacji\u00a0na przysz\u0142o\u015b\u0107, dyrektor Caritas Polska wskaza\u0142\u00a0m.\u00a0in, \u017ce <strong>w ka\u017cdej parafii powinien powsta\u0107 Parafialny Zesp\u00f3\u0142 Caritas &#8211; <span class=\"caps\">PZC<\/span><\/strong> (obecnie jest\u00a0w oko\u0142o po\u0142owie parafii\u00a0w Polsce 5000 <span class=\"caps\">PZC<\/span>). Ponadto\u00a0w ka\u017cdym ko\u015bciele powinna by\u0107 widoczna skarbonka\u00a0na cele charytatywne\u00a0z logo Caritas,\u00a0a proboszcz powinien cyklicznie informowa\u0107\u00a0o zrealizowanych dzia\u0142aniach przez parafialny zesp\u00f3\u0142 b\u0105d\u017a inn\u0105 grup\u0119 charytatywn\u0105\u00a0i zach\u0119ca\u0107\u00a0do zaanga\u017cowania\u00a0na <a id=\"anchorbbtBubble1941\" class=\"bbtWord double\" rel=\"nofollow\"><\/a>poziomie\u00a0parafii.<\/p>\n<p>Opr\u00f3cz tego &#8211; proponuje\u00a0ks. Subocz &#8211; w seminariach duchownych powinny by\u0107 specjalne zaj\u0119cia\u00a0z dokument\u00f3w ko\u015bcielnych\u00a0nt. pos\u0142ugi charytatywnej Ko\u015bcio\u0142a,\u00a0a\u00a0w ka\u017cde wakacje klerycy powinni mie\u0107 mo\u017cliwo\u015b\u0107 odbycia obowi\u0105zkowych praktyk, kontaktu\u00a0z potrzebuj\u0105cymi, ucz\u0105c si\u0119 wra\u017cliwo\u015bci\u00a0i odpowiedzi\u00a0na potrzeby, zajmuj\u0105c si\u0119 poszczeg\u00f3lnymi grupami spo\u0142ecznymi (kolonie, niepe\u0142nosprawni, hospicja, szpitale). Dodatkowo powinny si\u0119 odbywa\u0107\u00a0w seminariach duchownych cykliczne spotkania\u00a0ze \u015bwiadkami Mi\u0142osierdzia czyli osobami zaanga\u017cowanymi czynnie\u00a0w\u00a0pomoc.<\/p>\n<blockquote><p>Klerycy musz\u0105 pozna\u0107 problemy\u00a0i bol\u0105czki spo\u0142ecze\u0144stwa,\u00a0w kt\u00f3rym b\u0119d\u0105 p\u00f3\u017aniej\u00a0pracowa\u0107<\/p><\/blockquote>\n<p>\u2014 podkre\u015bli\u0142\u00a0ks.\u00a0Subocz.<\/p>\n<p><strong>Jego zdaniem wskazane jest, \u017ceby\u00a0na kt\u00f3rym\u015b\u00a0z uniwersytet\u00f3w powsta\u0142 wydzia\u0142\u00a0Caritas.<\/strong><\/p>\n<p>bzm\/<span class=\"caps\">KAI<\/span><\/p>\n<p><a href=\"http:\/\/wpolityce.pl\/kosciol\/255580-noclegownie-jadlodajnie-warsztaty-tytaniczna-praca-caritas-na-rzecz-potrzebujacych\">http:\/\/wpolityce.pl\/kosciol\/255580-noclegownie-jadlodajnie-warsztaty-tytaniczna-praca-caritas-na-rzecz-potrzebujacych<\/a><\/p>\n<p>&nbsp;<\/p>\n<p>&nbsp;<\/p>\n<p>&nbsp;<\/p>\n<p>&nbsp;<\/p>\n","protected":false},"excerpt":{"rendered":"Ksi\u0105dz Subocz, dyrektor Caritas Polska przedstawi\u0142 polskim biskupom zarys dzia\u0142alno\u015bci struktur diecezjalnych Caritas z okazji jubileuszu 25 lecia pos\u0142ugi charytatywnej na rzecz ubogich. \n<a class=\"moretag\" href=\"http:\/\/caritas.elblag.pl\/?p=272\"> [...]<\/a>","protected":false},"author":1,"featured_media":274,"comment_status":"closed","ping_status":"closed","sticky":false,"template":"","format":"standard","meta":{"_exactmetrics_skip_tracking":false,"_exactmetrics_sitenote_active":false,"_exactmetrics_sitenote_note":"","_exactmetrics_sitenote_category":0,"footnotes":""},"categories":[7],"tags":[],"class_list":["post-272","post","type-post","status-publish","format-standard","has-post-thumbnail","hentry","category-zycie-kosciola"],"_links":{"self":[{"href":"http:\/\/caritas.elblag.pl\/index.php?rest_route=\/wp\/v2\/posts\/272","targetHints":{"allow":["GET"]}}],"collection":[{"href":"http:\/\/caritas.elblag.pl\/index.php?rest_route=\/wp\/v2\/posts"}],"about":[{"href":"http:\/\/caritas.elblag.pl\/index.php?rest_route=\/wp\/v2\/types\/post"}],"author":[{"embeddable":true,"href":"http:\/\/caritas.elblag.pl\/index.php?rest_route=\/wp\/v2\/users\/1"}],"replies":[{"embeddable":true,"href":"http:\/\/caritas.elblag.pl\/index.php?rest_route=%2Fwp%2Fv2%2Fcomments&post=272"}],"version-history":[{"count":1,"href":"http:\/\/caritas.elblag.pl\/index.php?rest_route=\/wp\/v2\/posts\/272\/revisions"}],"predecessor-version":[{"id":275,"href":"http:\/\/caritas.elblag.pl\/index.php?rest_route=\/wp\/v2\/posts\/272\/revisions\/275"}],"wp:featuredmedia":[{"embeddable":true,"href":"http:\/\/caritas.elblag.pl\/index.php?rest_route=\/wp\/v2\/media\/274"}],"wp:attachment":[{"href":"http:\/\/caritas.elblag.pl\/index.php?rest_route=%2Fwp%2Fv2%2Fmedia&parent=272"}],"wp:term":[{"taxonomy":"category","embeddable":true,"href":"http:\/\/caritas.elblag.pl\/index.php?rest_route=%2Fwp%2Fv2%2Fcategories&post=272"},{"taxonomy":"post_tag","embeddable":true,"href":"http:\/\/caritas.elblag.pl\/index.php?rest_route=%2Fwp%2Fv2%2Ftags&post=272"}],"curies":[{"name":"wp","href":"https:\/\/api.w.org\/{rel}","templated":true}]}}