{"id":374,"date":"2015-12-08T09:37:27","date_gmt":"2015-12-08T08:37:27","guid":{"rendered":"http:\/\/caritaselblag.pl\/?p=374"},"modified":"2017-05-12T22:19:34","modified_gmt":"2017-05-12T20:19:34","slug":"kromka-chleba-caritas","status":"publish","type":"post","link":"http:\/\/caritas.elblag.pl\/?p=374","title":{"rendered":"Kromka chleba Caritas"},"content":{"rendered":"<p>Caritas pragnie zwr\u00f3ci\u0107 uwag\u0119 na problem g\u0142odu i niedo\u017cywienia. Z danych statystycznych GUS wynika, \u017ce 130 tys. dzieci w Polsce cierpi z powodu niedo\u017cywienia (7-12 lat), czyli 6% og\u00f3\u0142u uczni\u00f3w szk\u00f3\u0142 podstawowych. Niemal \u0107wier\u0107 miliona (220 tys.) dzieci szk\u00f3\u0142 podstawowych nie od\u017cywia si\u0119 w spos\u00f3b w\u0142a\u015bciwy dla ich prawid\u0142owego rozwoju (w swoich domach nie jedz\u0105 \u015bniada\u0144, wychodz\u0105 do szko\u0142y bez kanapek, cz\u0119sto zdarza si\u0119, \u017ce nie jedz\u0105 codziennie obiad\u00f3w.<\/p>\n<p>Niezjedzon\u0105, przeterminowan\u0105 lub kupion\u0105 w nadmiarze \u017cywno\u015b\u0107 wyrzuca 35 proc. Polak\u00f3w, co oznacza blisko 9 ton \u017cywno\u015bci w skali roku. CHLEB jest produktem najcz\u0119\u015bciej wyrzucanym.<\/p>\n<p>Celem kampanii KROMKA CHLEBA jest pozyskanie funduszy na systematyczn\u0105 pomoc najubo\u017cszym. Pieni\u0105dze pozyskane w ramach kampanii s\u0105 przeznaczone na do\u017cywianie dzieci z rodzin ubogich, cz\u0119sto wielodzietnych, kt\u00f3re ucz\u0119szczaj\u0105 do \u015bwietlic prowadzonych przez Caritas Cz\u0119stochowsk\u0105, pomoc dora\u017an\u0105 osobom bezdomnym.<\/p>\n<p><strong>UFUNDUJ POSI\u0141EK POTRZEBUJ\u0104CYM!<\/strong><\/p>\n<p>Akcj\u0119 mo\u017cna wspom\u00f3c poprzez wp\u0142aty na konto Caritas Polska PL<strong> 77 1160 2202 0000 0000 3436 4384<\/strong> z dopiskiem <strong>KROMKA<\/strong> lub przez<strong> SMS z has\u0142em KROMKA wys\u0142any na numer 72052, koszt 2,46 z VAT.<\/strong><\/p>\n<p><a href=\"http:\/\/caritaselblag.pl\/wp-content\/uploads\/2015\/12\/85085359.339c29778f2f55.4.jpg\"><img loading=\"lazy\" decoding=\"async\" class=\" wp-image-381 aligncenter\" src=\"http:\/\/caritaselblag.pl\/wp-content\/uploads\/2015\/12\/85085359.339c29778f2f55.4.jpg\" alt=\"85085359.339c29778f2f55.4\" width=\"509\" height=\"719\" srcset=\"http:\/\/caritas.elblag.pl\/wp-content\/uploads\/2015\/12\/85085359.339c29778f2f55.4.jpg 300w, http:\/\/caritas.elblag.pl\/wp-content\/uploads\/2015\/12\/85085359.339c29778f2f55.4-212x300.jpg 212w\" sizes=\"auto, (max-width: 509px) 100vw, 509px\" \/><\/a><\/p>\n","protected":false},"excerpt":{"rendered":"Caritas pragnie zwr\u00f3ci\u0107 uwag\u0119 na problem g\u0142odu i niedo\u017cywienia. Z danych statystycznych GUS wynika, \u017ce 130 tys. dzieci w Polsce cierpi z powodu \n<a class=\"moretag\" href=\"http:\/\/caritas.elblag.pl\/?p=374\"> [...]<\/a>","protected":false},"author":1,"featured_media":375,"comment_status":"closed","ping_status":"closed","sticky":false,"template":"","format":"standard","meta":{"_exactmetrics_skip_tracking":false,"_exactmetrics_sitenote_active":false,"_exactmetrics_sitenote_note":"","_exactmetrics_sitenote_category":0,"footnotes":""},"categories":[33,19,8],"tags":[],"class_list":["post-374","post","type-post","status-publish","format-standard","has-post-thumbnail","hentry","category-dzialalnosc","category-jadlodalnia","category-wolontariat"],"_links":{"self":[{"href":"http:\/\/caritas.elblag.pl\/index.php?rest_route=\/wp\/v2\/posts\/374","targetHints":{"allow":["GET"]}}],"collection":[{"href":"http:\/\/caritas.elblag.pl\/index.php?rest_route=\/wp\/v2\/posts"}],"about":[{"href":"http:\/\/caritas.elblag.pl\/index.php?rest_route=\/wp\/v2\/types\/post"}],"author":[{"embeddable":true,"href":"http:\/\/caritas.elblag.pl\/index.php?rest_route=\/wp\/v2\/users\/1"}],"replies":[{"embeddable":true,"href":"http:\/\/caritas.elblag.pl\/index.php?rest_route=%2Fwp%2Fv2%2Fcomments&post=374"}],"version-history":[{"count":3,"href":"http:\/\/caritas.elblag.pl\/index.php?rest_route=\/wp\/v2\/posts\/374\/revisions"}],"predecessor-version":[{"id":382,"href":"http:\/\/caritas.elblag.pl\/index.php?rest_route=\/wp\/v2\/posts\/374\/revisions\/382"}],"wp:featuredmedia":[{"embeddable":true,"href":"http:\/\/caritas.elblag.pl\/index.php?rest_route=\/wp\/v2\/media\/375"}],"wp:attachment":[{"href":"http:\/\/caritas.elblag.pl\/index.php?rest_route=%2Fwp%2Fv2%2Fmedia&parent=374"}],"wp:term":[{"taxonomy":"category","embeddable":true,"href":"http:\/\/caritas.elblag.pl\/index.php?rest_route=%2Fwp%2Fv2%2Fcategories&post=374"},{"taxonomy":"post_tag","embeddable":true,"href":"http:\/\/caritas.elblag.pl\/index.php?rest_route=%2Fwp%2Fv2%2Ftags&post=374"}],"curies":[{"name":"wp","href":"https:\/\/api.w.org\/{rel}","templated":true}]}}