{"id":408,"date":"2016-01-14T12:20:52","date_gmt":"2016-01-14T11:20:52","guid":{"rendered":"http:\/\/caritaselblag.pl\/?p=408"},"modified":"2016-01-14T12:21:56","modified_gmt":"2016-01-14T11:21:56","slug":"podaruj-1-w-roku-milosierdzia","status":"publish","type":"post","link":"http:\/\/caritas.elblag.pl\/?p=408","title":{"rendered":"Podaruj 1% w Roku Mi\u0142osierdzia"},"content":{"rendered":"<p><strong>Mo\u017cliwo\u015b\u0107 przekazywania 1% podatku dochodowego dla organizacji po\u017cytku publicznego istnieje od 2004 roku<\/strong> na mocy ustawy o po\u017cytku publicznym i wolontariacie (Ustawa z dnia 24 kwietnia 2003 r.: Dz. U. z 2003r. Nr 96, poz. 873 z p\u00f3\u017an. zm).<br \/>\nWprowadzaj\u0105c zapis o przekazywaniu 1% ustawodawca wprowadzi\u0142 kolejn\u0105 mo\u017cliwo\u015b\u0107 dla organizacji pozarz\u0105dowych pozyskiwania \u015brodk\u00f3w na dzia\u0142alno\u015b\u0107 tych organizacji. Nie ka\u017cda jednak organizacja pozarz\u0105dowa posiada status organizacji po\u017cytku publicznego (OPP), a tylko takie mog\u0105 skorzysta\u0107 z wp\u0142at 1% od podatnik\u00f3w. Status takiej organizacji mo\u017cna zweryfikowa\u0107 na stronie internetowej Ministerstwa Sprawiedliwo\u015bci sprawdzaj\u0105c czy dana organizacja jest wpisana w Krajowym Rejestrze S\u0105dowym \u2013 jako organizacja OPP.<\/p>\n<p><strong>Caritas Diecezji Elbl\u0105skiej \u2013 jest tak\u0105 organizacj\u0105<\/strong>, mo\u017cna to sprawdzi\u0107 na stronie: <a href=\"http:\/\/www.mpips.gov.pl\/bip\/wykaz-organizacji-pozytku-publicznego\">http:\/\/www.mpips.gov.pl\/bip\/wykaz-organizacji-pozytku-publicznego<\/a><\/p>\n<p><strong>Przekazanie 1% nie obci\u0105\u017ca podatnika<\/strong>, ale stanowi mo\u017cliwo\u015b\u0107 decydowania o tym, na co zostanie przeznaczony 1% jego podatku.<\/p>\n<p>W Jubileuszowym Roku Mi\u0142osierdzia podarowanie 1% na rzecz ubogich i bezdomnych, dzieci potrzebuj\u0105cych wsparcia jest szczeg\u00f3lnie aktualne.<\/p>\n<p><strong>Mi\u0142osierdzie to wsp\u00f3\u0142czucie i wierno\u015b\u0107, wra\u017cliwo\u015b\u0107 na n\u0119dz\u0119 ludzk\u0105, ukazanie si\u0119 wobec nieszcz\u0119\u015bcia, n\u0119dzy i grzechu, obrona ubogich, skrzywdzonych, s\u0142abych, chorych, to wytrwa\u0142a cierpliwo\u015b\u0107.<\/strong> Granic\u0105 mi\u0142osierdzia jest zatwardzia\u0142o\u015b\u0107, pycha, przekonanie o w\u0142asnej bezgrzeszno\u015bci i sile. Mi\u0142osierdzie wyrzeka si\u0119 zemsty, \u017cywienia urazy, braku przebaczenia. <em>(ks. Stanis\u0142aw Ma\u0142kowski)<\/em><\/p>\n","protected":false},"excerpt":{"rendered":"Mo\u017cliwo\u015b\u0107 przekazywania 1% podatku dochodowego dla organizacji po\u017cytku publicznego istnieje od 2004 roku na mocy ustawy o po\u017cytku publicznym i wolontariacie (Ustawa z \n<a class=\"moretag\" href=\"http:\/\/caritas.elblag.pl\/?p=408\"> [...]<\/a>","protected":false},"author":1,"featured_media":406,"comment_status":"closed","ping_status":"closed","sticky":false,"template":"","format":"standard","meta":{"_exactmetrics_skip_tracking":false,"_exactmetrics_sitenote_active":false,"_exactmetrics_sitenote_note":"","_exactmetrics_sitenote_category":0,"footnotes":""},"categories":[1],"tags":[],"class_list":["post-408","post","type-post","status-publish","format-standard","has-post-thumbnail","hentry","category-bez-kategorii"],"_links":{"self":[{"href":"http:\/\/caritas.elblag.pl\/index.php?rest_route=\/wp\/v2\/posts\/408","targetHints":{"allow":["GET"]}}],"collection":[{"href":"http:\/\/caritas.elblag.pl\/index.php?rest_route=\/wp\/v2\/posts"}],"about":[{"href":"http:\/\/caritas.elblag.pl\/index.php?rest_route=\/wp\/v2\/types\/post"}],"author":[{"embeddable":true,"href":"http:\/\/caritas.elblag.pl\/index.php?rest_route=\/wp\/v2\/users\/1"}],"replies":[{"embeddable":true,"href":"http:\/\/caritas.elblag.pl\/index.php?rest_route=%2Fwp%2Fv2%2Fcomments&post=408"}],"version-history":[{"count":1,"href":"http:\/\/caritas.elblag.pl\/index.php?rest_route=\/wp\/v2\/posts\/408\/revisions"}],"predecessor-version":[{"id":409,"href":"http:\/\/caritas.elblag.pl\/index.php?rest_route=\/wp\/v2\/posts\/408\/revisions\/409"}],"wp:featuredmedia":[{"embeddable":true,"href":"http:\/\/caritas.elblag.pl\/index.php?rest_route=\/wp\/v2\/media\/406"}],"wp:attachment":[{"href":"http:\/\/caritas.elblag.pl\/index.php?rest_route=%2Fwp%2Fv2%2Fmedia&parent=408"}],"wp:term":[{"taxonomy":"category","embeddable":true,"href":"http:\/\/caritas.elblag.pl\/index.php?rest_route=%2Fwp%2Fv2%2Fcategories&post=408"},{"taxonomy":"post_tag","embeddable":true,"href":"http:\/\/caritas.elblag.pl\/index.php?rest_route=%2Fwp%2Fv2%2Ftags&post=408"}],"curies":[{"name":"wp","href":"https:\/\/api.w.org\/{rel}","templated":true}]}}