{"id":426,"date":"2016-04-27T10:50:36","date_gmt":"2016-04-27T08:50:36","guid":{"rendered":"http:\/\/caritaselblag.pl\/?p=426"},"modified":"2016-07-22T15:23:04","modified_gmt":"2016-07-22T13:23:04","slug":"kolonie-letnie-caritas-2016","status":"publish","type":"post","link":"http:\/\/caritas.elblag.pl\/?p=426","title":{"rendered":"Kolonie Letnie Caritas 2016"},"content":{"rendered":"<p><strong>Zbli\u017ca si\u0119 czas letniego wypoczynku, dla dzieci czas wakacji. Niech b\u0119dzie to czas rado\u015bci i zabawy nad morzem w naszym O\u015brodku kolonijnym Caritas Diecezji Elbl\u0105skiej lub w o\u015brodku w miejscowo\u015bci Ptaki. Serdecznie zapraszamy dzieci w wieku 7-13 lat. \u00a0Wypoczynek organizowany jest w trakcie 4 turnus\u00f3w w terminach:<\/strong><\/p>\n<p><strong>I 27.06 &#8211; 06.07.2016r Mikoszewo<\/strong><br \/>\n<strong>II 07.07 &#8211; 16.07.2016r Ptaki k\/\u0141om\u017cy<\/strong><br \/>\n<strong>III 18.07 &#8211; 27.07.2016r Mikoszewo<\/strong><br \/>\n<strong>IV 30.07 &#8211; 18.08.2016. Mikoszewo<\/strong><\/p>\n<p>Do Mikoszewa dzieci nale\u017cy dowie\u015b\u0107 w\u0142asnym transportem do godz.12:00 pierwszego dnia i odebra\u0107 do godz.12:00 dnia ostatniego. Wyjazd dzieci do<br \/>\nmiejscowo\u015bci Ptaki organizowany b\u0119dzie z Elbl\u0105ga (godzin\u0119 podam w p\u00f3\u017aniejszym terminie). Karty kolonijne mo\u017cna odbiera\u0107 w siedzibie Caritas Diecezji Elbl\u0105skiej od 4 maja.<\/p>\n<p>W razie pyta\u0144 jeste\u015bmy do Pa\u0144stwa dyspozycji.<\/p>\n<p><a href=\"http:\/\/caritaselblag.pl\/?page_id=98\">Wi\u0119cej informacji:<\/a><\/p>\n","protected":false},"excerpt":{"rendered":"Zbli\u017ca si\u0119 czas letniego wypoczynku, dla dzieci czas wakacji. Niech b\u0119dzie to czas rado\u015bci i zabawy nad morzem w naszym O\u015brodku kolonijnym Caritas \n<a class=\"moretag\" href=\"http:\/\/caritas.elblag.pl\/?p=426\"> [...]<\/a>","protected":false},"author":1,"featured_media":429,"comment_status":"closed","ping_status":"closed","sticky":false,"template":"","format":"standard","meta":{"_exactmetrics_skip_tracking":false,"_exactmetrics_sitenote_active":false,"_exactmetrics_sitenote_note":"","_exactmetrics_sitenote_category":0,"footnotes":""},"categories":[8],"tags":[],"class_list":["post-426","post","type-post","status-publish","format-standard","has-post-thumbnail","hentry","category-wolontariat"],"_links":{"self":[{"href":"http:\/\/caritas.elblag.pl\/index.php?rest_route=\/wp\/v2\/posts\/426","targetHints":{"allow":["GET"]}}],"collection":[{"href":"http:\/\/caritas.elblag.pl\/index.php?rest_route=\/wp\/v2\/posts"}],"about":[{"href":"http:\/\/caritas.elblag.pl\/index.php?rest_route=\/wp\/v2\/types\/post"}],"author":[{"embeddable":true,"href":"http:\/\/caritas.elblag.pl\/index.php?rest_route=\/wp\/v2\/users\/1"}],"replies":[{"embeddable":true,"href":"http:\/\/caritas.elblag.pl\/index.php?rest_route=%2Fwp%2Fv2%2Fcomments&post=426"}],"version-history":[{"count":2,"href":"http:\/\/caritas.elblag.pl\/index.php?rest_route=\/wp\/v2\/posts\/426\/revisions"}],"predecessor-version":[{"id":430,"href":"http:\/\/caritas.elblag.pl\/index.php?rest_route=\/wp\/v2\/posts\/426\/revisions\/430"}],"wp:featuredmedia":[{"embeddable":true,"href":"http:\/\/caritas.elblag.pl\/index.php?rest_route=\/wp\/v2\/media\/429"}],"wp:attachment":[{"href":"http:\/\/caritas.elblag.pl\/index.php?rest_route=%2Fwp%2Fv2%2Fmedia&parent=426"}],"wp:term":[{"taxonomy":"category","embeddable":true,"href":"http:\/\/caritas.elblag.pl\/index.php?rest_route=%2Fwp%2Fv2%2Fcategories&post=426"},{"taxonomy":"post_tag","embeddable":true,"href":"http:\/\/caritas.elblag.pl\/index.php?rest_route=%2Fwp%2Fv2%2Ftags&post=426"}],"curies":[{"name":"wp","href":"https:\/\/api.w.org\/{rel}","templated":true}]}}