{"id":451,"date":"2016-06-25T13:46:44","date_gmt":"2016-06-25T11:46:44","guid":{"rendered":"http:\/\/caritaselblag.pl\/?p=451"},"modified":"2016-06-25T13:46:44","modified_gmt":"2016-06-25T11:46:44","slug":"warsztaty-z-pomocy-humanitarnej-caritas-europa","status":"publish","type":"post","link":"http:\/\/caritas.elblag.pl\/?p=451","title":{"rendered":"Warsztaty z pomocy humanitarnej &#8211; Caritas Europa"},"content":{"rendered":"<p><strong>21 i 22 czerwca w Centrum Charytatywno-Edukacyjnym Caritas Polska odbywa\u0142y si\u0119 warsztaty na temat pomocy humanitarnej organizowane przez Caritas Europa. \u0141\u0105cznie uczestniczy w nich prawie 40 przedstawicieli z 23 europejskich Caritas.<\/strong><\/p>\n<p>Uczestnicy zapoznawali si\u0119 z g\u0142\u00f3wnymi zasadami dotycz\u0105cymi reagowania w sytuacjach kryzysowych, zw\u0142aszcza tych wymagaj\u0105cych mi\u0119dzynarodowego zaanga\u017cowania i wsparcia ze strony Caritas Internationalis, kt\u00f3ra jest konfederacj\u0105 niezale\u017cnych, krajowych Caritas. Znajomo\u015b\u0107 mi\u0119dzynarodowych standard\u00f3w umo\u017cliwia sprawne i profesjonalne dzia\u0142anie Caritas na ca\u0142ym \u015bwiecie.<\/p>\n<p>Standardy mi\u0119dzynarodowej wsp\u00f3\u0142pracy Caritas obejmuj\u0105 ca\u0142y cykl \u017cycia projektu, pocz\u0105wszy od przygotowania planu dzia\u0142a\u0144 w sytuacji kryzysowej, poprzez analiz\u0119 potrzeb, opracowanie apelu do spo\u0142eczno\u015bci mi\u0119dzynarodowej, precyzowanie dzia\u0142a\u0144 projektowych, a\u017c po rozliczenie i przygotowanie ko\u0144cowego raportu z dzia\u0142a\u0144.<\/p>\n<p>W warsztatach brali\u00a0udzia\u0142 przedstawiciele Caritas z ca\u0142ej Europy, z kraj\u00f3w o bardzo r\u00f3\u017cnej sytuacji \u2013 takich, kt\u00f3re w du\u017cej mierze udzielaj\u0105 pomocy innym regionom \u015bwiata i takich, kt\u00f3re w ostatnich latach potrzebowa\u0142y wsparcia w reagowaniu na sytuacje kryzysowe. Jak powiedzia\u0142a Liana Mkheidze, koordynator dzia\u0142a\u0144 humanitarnych i rozwojowych w Caritas Gruzja, <em>udzia\u0142 w mi\u0119dzynarodowych spotkaniach i znajomo\u015b\u0107 standard\u00f3w jest bardzo wa\u017cna, co w Gruzji odczuli\u015bmy szczeg\u00f3lnie podczas kryzysu spowodowanego wojn\u0105 w 2008 roku.<\/em><\/p>\n<p>Wiele uwagi po\u015bwi\u0119cono odpowiedniemu przygotowaniu dzia\u0142a\u0144 w reakcji na katastrof\u0119 \u2013 czy to naturaln\u0105, jak pow\u00f3d\u017a lub trz\u0119sienie ziemi, czy zawinion\u0105 przez ludzi, jak konflikt zbrojny. Uczestnicy rozmawiali o konieczno\u015bci wcze\u015bniejszego przygotowania struktur i personelu organizacji do reagowania na ewentualne sytuacje kryzysowe, a tak\u017ce o najlepszych metodach przeprowadzenia analizy sytuacji po katastrofie oraz analizy potrzeb os\u00f3b bezpo\u015brednio dotkni\u0119tych tragedi\u0105, co umo\u017cliwia dobre przygotowanie dzia\u0142a\u0144 pomocowych. <em>Kiedy wydarza si\u0119 katastrofa, potrzebny nam bardzo jasny i prosty plan dzia\u0142ania: kto, co, kiedy, jak ma robi\u0107 \u2013 <\/em>powiedzia\u0142a Dijana Muzi\u010dka z Caritas Bo\u015bnia i Hercegowina, opieraj\u0105c si\u0119 na swoich do\u015bwiadczeniach podczas powodzi na Ba\u0142kanach w 2014 roku.<\/p>\n","protected":false},"excerpt":{"rendered":"21 i 22 czerwca w Centrum Charytatywno-Edukacyjnym Caritas Polska odbywa\u0142y si\u0119 warsztaty na temat pomocy humanitarnej organizowane przez Caritas Europa. \u0141\u0105cznie uczestniczy w \n<a class=\"moretag\" href=\"http:\/\/caritas.elblag.pl\/?p=451\"> [...]<\/a>","protected":false},"author":1,"featured_media":452,"comment_status":"closed","ping_status":"closed","sticky":false,"template":"","format":"standard","meta":{"_exactmetrics_skip_tracking":false,"_exactmetrics_sitenote_active":false,"_exactmetrics_sitenote_note":"","_exactmetrics_sitenote_category":0,"footnotes":""},"categories":[6,7],"tags":[],"class_list":["post-451","post","type-post","status-publish","format-standard","has-post-thumbnail","hentry","category-aktualnosci","category-zycie-kosciola"],"_links":{"self":[{"href":"http:\/\/caritas.elblag.pl\/index.php?rest_route=\/wp\/v2\/posts\/451","targetHints":{"allow":["GET"]}}],"collection":[{"href":"http:\/\/caritas.elblag.pl\/index.php?rest_route=\/wp\/v2\/posts"}],"about":[{"href":"http:\/\/caritas.elblag.pl\/index.php?rest_route=\/wp\/v2\/types\/post"}],"author":[{"embeddable":true,"href":"http:\/\/caritas.elblag.pl\/index.php?rest_route=\/wp\/v2\/users\/1"}],"replies":[{"embeddable":true,"href":"http:\/\/caritas.elblag.pl\/index.php?rest_route=%2Fwp%2Fv2%2Fcomments&post=451"}],"version-history":[{"count":1,"href":"http:\/\/caritas.elblag.pl\/index.php?rest_route=\/wp\/v2\/posts\/451\/revisions"}],"predecessor-version":[{"id":453,"href":"http:\/\/caritas.elblag.pl\/index.php?rest_route=\/wp\/v2\/posts\/451\/revisions\/453"}],"wp:featuredmedia":[{"embeddable":true,"href":"http:\/\/caritas.elblag.pl\/index.php?rest_route=\/wp\/v2\/media\/452"}],"wp:attachment":[{"href":"http:\/\/caritas.elblag.pl\/index.php?rest_route=%2Fwp%2Fv2%2Fmedia&parent=451"}],"wp:term":[{"taxonomy":"category","embeddable":true,"href":"http:\/\/caritas.elblag.pl\/index.php?rest_route=%2Fwp%2Fv2%2Fcategories&post=451"},{"taxonomy":"post_tag","embeddable":true,"href":"http:\/\/caritas.elblag.pl\/index.php?rest_route=%2Fwp%2Fv2%2Ftags&post=451"}],"curies":[{"name":"wp","href":"https:\/\/api.w.org\/{rel}","templated":true}]}}