{"id":524,"date":"2017-01-17T22:47:33","date_gmt":"2017-01-17T21:47:33","guid":{"rendered":"http:\/\/caritaselblag.pl\/?p=524"},"modified":"2017-01-17T22:49:42","modified_gmt":"2017-01-17T21:49:42","slug":"posilki-dla-osob-bezdomnych-z-problemem-alkoholowym","status":"publish","type":"post","link":"http:\/\/caritas.elblag.pl\/?p=524","title":{"rendered":"Posi\u0142ki dla os\u00f3b bezdomnych z problemem alkoholowym"},"content":{"rendered":"<p>Caritas Diecezji Elbl\u0105skiej realizuje zadanie publiczne pod tytu\u0142em: <strong>\u201ePosi\u0142ki dla os\u00f3b bezdomnych z problemem alkoholowym w ramach Miejskiego Programu Profilaktyki i Rozwi\u0105zywania Problem\u00f3w Alkoholowych na 2017r.\u201d<\/strong><\/p>\n<p><strong>Caritas Diecezji Elbl\u0105skiej od 1 stycznia 2017<\/strong> roku wydaje gor\u0105ce \u00a0posi\u0142ki osobom doros\u0142ym, bezdomnym z problemem alkoholowym z miasta Elbl\u0105ga. <strong>Wydawanie posi\u0142k\u00f3w odbywa si\u0119 przez 6 dni w tygodniu w okresie 01.01 \u2013 31.03.2017r. i 01.11 \u2013 31.12.2017r. w Jad\u0142odajni funkcjonuj\u0105cej przy ulicy Zamkowej 17 w godzinach 11.30 \u2013 13.30 (poniedzia\u0142ek \u2013 pi\u0105tek) i w sobot\u0119 11.30 \u2013 13.00, a na niedziele i \u015bwi\u0119ta wydawany jest suchy prowiant.<\/strong><\/p>\n<p>Organizowane jest te\u017c \u015aniadanie Wielkanocne i Wigilia \u015awi\u0105t Bo\u017cego Narodzenia dla os\u00f3b korzystaj\u0105cych z posi\u0142k\u00f3w.<\/p>\n<p><strong>Zadanie realizowane jest przy wsp\u00f3\u0142udziale finansowym Gminy Miasto Elbl\u0105g.<\/strong><\/p>\n","protected":false},"excerpt":{"rendered":"Caritas Diecezji Elbl\u0105skiej realizuje zadanie publiczne pod tytu\u0142em: \u201ePosi\u0142ki dla os\u00f3b bezdomnych z problemem alkoholowym w ramach Miejskiego Programu Profilaktyki i Rozwi\u0105zywania Problem\u00f3w \n<a class=\"moretag\" href=\"http:\/\/caritas.elblag.pl\/?p=524\"> [...]<\/a>","protected":false},"author":1,"featured_media":525,"comment_status":"closed","ping_status":"closed","sticky":false,"template":"","format":"standard","meta":{"_exactmetrics_skip_tracking":false,"_exactmetrics_sitenote_active":false,"_exactmetrics_sitenote_note":"","_exactmetrics_sitenote_category":0,"footnotes":""},"categories":[6,19,8],"tags":[23,21],"class_list":["post-524","post","type-post","status-publish","format-standard","has-post-thumbnail","hentry","category-aktualnosci","category-jadlodalnia","category-wolontariat","tag-pomoc","tag-posilki"],"_links":{"self":[{"href":"http:\/\/caritas.elblag.pl\/index.php?rest_route=\/wp\/v2\/posts\/524","targetHints":{"allow":["GET"]}}],"collection":[{"href":"http:\/\/caritas.elblag.pl\/index.php?rest_route=\/wp\/v2\/posts"}],"about":[{"href":"http:\/\/caritas.elblag.pl\/index.php?rest_route=\/wp\/v2\/types\/post"}],"author":[{"embeddable":true,"href":"http:\/\/caritas.elblag.pl\/index.php?rest_route=\/wp\/v2\/users\/1"}],"replies":[{"embeddable":true,"href":"http:\/\/caritas.elblag.pl\/index.php?rest_route=%2Fwp%2Fv2%2Fcomments&post=524"}],"version-history":[{"count":3,"href":"http:\/\/caritas.elblag.pl\/index.php?rest_route=\/wp\/v2\/posts\/524\/revisions"}],"predecessor-version":[{"id":528,"href":"http:\/\/caritas.elblag.pl\/index.php?rest_route=\/wp\/v2\/posts\/524\/revisions\/528"}],"wp:featuredmedia":[{"embeddable":true,"href":"http:\/\/caritas.elblag.pl\/index.php?rest_route=\/wp\/v2\/media\/525"}],"wp:attachment":[{"href":"http:\/\/caritas.elblag.pl\/index.php?rest_route=%2Fwp%2Fv2%2Fmedia&parent=524"}],"wp:term":[{"taxonomy":"category","embeddable":true,"href":"http:\/\/caritas.elblag.pl\/index.php?rest_route=%2Fwp%2Fv2%2Fcategories&post=524"},{"taxonomy":"post_tag","embeddable":true,"href":"http:\/\/caritas.elblag.pl\/index.php?rest_route=%2Fwp%2Fv2%2Ftags&post=524"}],"curies":[{"name":"wp","href":"https:\/\/api.w.org\/{rel}","templated":true}]}}