{"id":626,"date":"2017-12-27T13:21:58","date_gmt":"2017-12-27T12:21:58","guid":{"rendered":"http:\/\/caritas.elblag.pl\/?p=626"},"modified":"2018-03-18T19:41:05","modified_gmt":"2018-03-18T18:41:05","slug":"5-grudnia-dniem-wolontariatu-caritas","status":"publish","type":"post","link":"http:\/\/caritas.elblag.pl\/?p=626","title":{"rendered":"5 grudnia Dniem Wolontariatu Caritas"},"content":{"rendered":"<p>Wolontariusze Caritas na co dzie\u0144 wspieraj\u0105 dzieci na \u015bwietlicach, pomagaj\u0105 chorym, samotnym, organizuj\u0105 akcje, spotkania, zbi\u00f3rki\u2026 dzi\u015b maj\u0105 swoje \u015bwi\u0119to! Dzi\u0119kujemy za Wasz\u0105 prac\u0119, za zaanga\u017cowanie, za wysi\u0142ek w\u0142o\u017cony w pomoc potrzebuj\u0105cemu cz\u0142owiekowi, za po\u015bwi\u0119cenie. \u017byczymy obfitych \u0142ask i dotkni\u0119cia Bo\u017cego Mi\u0142osierdzia, pami\u0119taj\u0105c o s\u0142owach Jezusa: \u201eCokolwiek uczynili\u015bcie jednemu z tych braci moich najmniejszych, Mnie\u015bcie uczynili.\u201d (Mt 25,40)<\/p>\n<p>&nbsp;<\/p>\n<p>&nbsp;<\/p>\n","protected":false},"excerpt":{"rendered":"Wolontariusze Caritas na co dzie\u0144 wspieraj\u0105 dzieci na \u015bwietlicach, pomagaj\u0105 chorym, samotnym, organizuj\u0105 akcje, spotkania, zbi\u00f3rki\u2026 dzi\u015b maj\u0105 swoje \u015bwi\u0119to! Dzi\u0119kujemy za Wasz\u0105 \n<a class=\"moretag\" href=\"http:\/\/caritas.elblag.pl\/?p=626\"> [...]<\/a>","protected":false},"author":1,"featured_media":627,"comment_status":"closed","ping_status":"closed","sticky":false,"template":"","format":"standard","meta":{"_exactmetrics_skip_tracking":false,"_exactmetrics_sitenote_active":false,"_exactmetrics_sitenote_note":"","_exactmetrics_sitenote_category":0,"footnotes":""},"categories":[33,8],"tags":[],"class_list":["post-626","post","type-post","status-publish","format-standard","has-post-thumbnail","hentry","category-dzialalnosc","category-wolontariat"],"_links":{"self":[{"href":"http:\/\/caritas.elblag.pl\/index.php?rest_route=\/wp\/v2\/posts\/626","targetHints":{"allow":["GET"]}}],"collection":[{"href":"http:\/\/caritas.elblag.pl\/index.php?rest_route=\/wp\/v2\/posts"}],"about":[{"href":"http:\/\/caritas.elblag.pl\/index.php?rest_route=\/wp\/v2\/types\/post"}],"author":[{"embeddable":true,"href":"http:\/\/caritas.elblag.pl\/index.php?rest_route=\/wp\/v2\/users\/1"}],"replies":[{"embeddable":true,"href":"http:\/\/caritas.elblag.pl\/index.php?rest_route=%2Fwp%2Fv2%2Fcomments&post=626"}],"version-history":[{"count":1,"href":"http:\/\/caritas.elblag.pl\/index.php?rest_route=\/wp\/v2\/posts\/626\/revisions"}],"predecessor-version":[{"id":628,"href":"http:\/\/caritas.elblag.pl\/index.php?rest_route=\/wp\/v2\/posts\/626\/revisions\/628"}],"wp:featuredmedia":[{"embeddable":true,"href":"http:\/\/caritas.elblag.pl\/index.php?rest_route=\/wp\/v2\/media\/627"}],"wp:attachment":[{"href":"http:\/\/caritas.elblag.pl\/index.php?rest_route=%2Fwp%2Fv2%2Fmedia&parent=626"}],"wp:term":[{"taxonomy":"category","embeddable":true,"href":"http:\/\/caritas.elblag.pl\/index.php?rest_route=%2Fwp%2Fv2%2Fcategories&post=626"},{"taxonomy":"post_tag","embeddable":true,"href":"http:\/\/caritas.elblag.pl\/index.php?rest_route=%2Fwp%2Fv2%2Ftags&post=626"}],"curies":[{"name":"wp","href":"https:\/\/api.w.org\/{rel}","templated":true}]}}