{"id":685,"date":"2018-04-15T22:48:41","date_gmt":"2018-04-15T20:48:41","guid":{"rendered":"http:\/\/caritas.elblag.pl\/?p=685"},"modified":"2018-04-15T22:48:41","modified_gmt":"2018-04-15T20:48:41","slug":"zakonczenie-zbiorki-miedzypokoleniowej-dar-juniora-dla-seniora","status":"publish","type":"post","link":"http:\/\/caritas.elblag.pl\/?p=685","title":{"rendered":"Zako\u0144czenie zbi\u00f3rki mi\u0119dzypokoleniowej &#8220;Dar Juniora dla Seniora&#8221;"},"content":{"rendered":"<p>Dzi\u015b w ca\u0142ej Diecezji Elbl\u0105skiej zosta\u0142a zako\u0144czona zbi\u00f3rka ja\u0142mu\u017cny do rozprowadzanych puszek wielkopostnych &#8211; &#8220;Dar Juniora dla Seniora&#8221;.\u00a0&#8220;Bardzo bym chcia\u0142, \u017ceby ja\u0142mu\u017cna sta\u0142a si\u0119 dla wszystkich prawdziwym, autentycznym stylem \u017cycia. Bardzo bym chcia\u0142, aby\u015bmy, jako chrze\u015bcijanie, brali przyk\u0142ad z aposto\u0142\u00f3w i widzieli w mo\u017cliwo\u015bci dzielenia si\u0119 z innymi naszymi dobrami konkretne \u015bwiadectwo komunii, jak\u0105 \u017cyjemy w Ko\u015bciele&#8221; &#8211; pisa\u0142 wtedy papie\u017c Franciszek w or\u0119dziu na Wielki Post 2018.<\/p>\n<p>Skarbonki s\u0105 pomoc\u0105 w pami\u0119ci o ja\u0142mu\u017cnie podczas podejmowanych w Wielkim Po\u015bcie wyrzecze\u0144. Ja\u0142mu\u017cn\u0105 s\u0105 nie tylko datek pieni\u0119\u017cny, ale tak\u017ce czas po\u015bwi\u0119cony na spotkanie i wys\u0142uchanie drugiej osoby. Zebrane fundusze b\u0119d\u0105 przeznaczone na potrzeby os\u00f3b starszych.<\/p>\n<p>Do \u201eJa\u0142mu\u017cny\u201d mo\u017cna r\u00f3wnie\u017c do\u0142\u0105czy\u0107 wysy\u0142aj\u0105c charytatywny SMS z has\u0142em POMAGAM pod numer 72052 (koszt: 2,46 z\u0142 z VAT) lub dokonuj\u0105c wp\u0142aty do tzw. \u201eWirtualnej Skarbonki\u201d, czyli na konto Caritas Polska z dopiskiem \u201eJa\u0142mu\u017cna Wielkopostna\u201d.<\/p>\n<p>Ja\u0142mu\u017cna Wielkopostna jest ekumeniczn\u0105 akcj\u0105 charytatywn\u0105 organizowan\u0105 przez Caritas Ko\u015bcio\u0142a Katolickiego, Eleos Ko\u015bcio\u0142a Prawos\u0142awnego oraz Diakoni\u0119 Ko\u015bcio\u0142a Ewangelickiego.<\/p>\n","protected":false},"excerpt":{"rendered":"Dzi\u015b w ca\u0142ej Diecezji Elbl\u0105skiej zosta\u0142a zako\u0144czona zbi\u00f3rka ja\u0142mu\u017cny do rozprowadzanych puszek wielkopostnych &#8211; &#8220;Dar Juniora dla Seniora&#8221;.\u00a0&#8220;Bardzo bym chcia\u0142, \u017ceby ja\u0142mu\u017cna sta\u0142a \n<a class=\"moretag\" href=\"http:\/\/caritas.elblag.pl\/?p=685\"> [...]<\/a>","protected":false},"author":1,"featured_media":686,"comment_status":"closed","ping_status":"closed","sticky":false,"template":"","format":"standard","meta":{"_exactmetrics_skip_tracking":false,"_exactmetrics_sitenote_active":false,"_exactmetrics_sitenote_note":"","_exactmetrics_sitenote_category":0,"footnotes":""},"categories":[33,24,8,7],"tags":[],"class_list":["post-685","post","type-post","status-publish","format-standard","has-post-thumbnail","hentry","category-dzialalnosc","category-polecane","category-wolontariat","category-zycie-kosciola"],"_links":{"self":[{"href":"http:\/\/caritas.elblag.pl\/index.php?rest_route=\/wp\/v2\/posts\/685","targetHints":{"allow":["GET"]}}],"collection":[{"href":"http:\/\/caritas.elblag.pl\/index.php?rest_route=\/wp\/v2\/posts"}],"about":[{"href":"http:\/\/caritas.elblag.pl\/index.php?rest_route=\/wp\/v2\/types\/post"}],"author":[{"embeddable":true,"href":"http:\/\/caritas.elblag.pl\/index.php?rest_route=\/wp\/v2\/users\/1"}],"replies":[{"embeddable":true,"href":"http:\/\/caritas.elblag.pl\/index.php?rest_route=%2Fwp%2Fv2%2Fcomments&post=685"}],"version-history":[{"count":1,"href":"http:\/\/caritas.elblag.pl\/index.php?rest_route=\/wp\/v2\/posts\/685\/revisions"}],"predecessor-version":[{"id":687,"href":"http:\/\/caritas.elblag.pl\/index.php?rest_route=\/wp\/v2\/posts\/685\/revisions\/687"}],"wp:featuredmedia":[{"embeddable":true,"href":"http:\/\/caritas.elblag.pl\/index.php?rest_route=\/wp\/v2\/media\/686"}],"wp:attachment":[{"href":"http:\/\/caritas.elblag.pl\/index.php?rest_route=%2Fwp%2Fv2%2Fmedia&parent=685"}],"wp:term":[{"taxonomy":"category","embeddable":true,"href":"http:\/\/caritas.elblag.pl\/index.php?rest_route=%2Fwp%2Fv2%2Fcategories&post=685"},{"taxonomy":"post_tag","embeddable":true,"href":"http:\/\/caritas.elblag.pl\/index.php?rest_route=%2Fwp%2Fv2%2Ftags&post=685"}],"curies":[{"name":"wp","href":"https:\/\/api.w.org\/{rel}","templated":true}]}}