{"id":729,"date":"2018-12-15T21:11:24","date_gmt":"2018-12-15T20:11:24","guid":{"rendered":"http:\/\/caritas.elblag.pl\/?p=729"},"modified":"2018-12-15T21:11:46","modified_gmt":"2018-12-15T20:11:46","slug":"aktywizacja-i-przeciwdzialanie-marginalizacji-osob-starszych","status":"publish","type":"post","link":"http:\/\/caritas.elblag.pl\/?p=729","title":{"rendered":"Aktywizacja i przeciwdzia\u0142anie marginalizacji os\u00f3b starszych"},"content":{"rendered":"<p><em>&#8220;Jednostka pozostaj\u0105ca cz\u0142onkiem lokalnej spo\u0142eczno\u015bci mo\u017ce i ma prawo uczestniczy\u0107 w normalnych aktywno\u015bciach spo\u0142ecznych z powod\u00f3w b\u0119d\u0105cych poza jej kontrol\u0105.&#8221;<\/em><\/p>\n<p>Ko\u0144czymy realizacj\u0119 projektu, pt. <strong>\u201eAktywizacja i przeciwdzia\u0142anie marginalizacji os\u00f3b starszych\u201d.<\/strong> Uczestniczy\u0142o w nim 45 os\u00f3b. W Klubie Seniora przy CDE organizowane by\u0142y spotkania o tematyce historycznej. <strong>We wrze\u015bniu zorganizowano wycieczk\u0119 do Warszawy, Krakowa i Cz\u0119stochowy z mottem przewodnim \u201e100-lecia Odzyskania Niepodleg\u0142o\u015bci Polski\u201d<\/strong>, gdzie uczestnicy zwiedzali Muzeum Powstania Warszawskiego, Wawel i Jasn\u0105 G\u00f3r\u0119. <strong>Seniorzy uczestniczyli w warsztatach r\u0119kodzielniczych, podczas kt\u00f3rych wykonali w\u0142asnor\u0119cznie przytulanki dla dzieci z Domu Dziecka.<\/strong><\/p>\n<p>Projekt\u00a0 sfinansowano przez Caritas Polska w ramach Programu \u201e100 projekt\u00f3w na 100-u lecie Odzyskania Niepodleg\u0142o\u015bci Polski\u201d<\/p>\n<p><a href=\"http:\/\/caritas.elblag.pl\/wp-content\/uploads\/2018\/12\/7.jpg\"><img loading=\"lazy\" decoding=\"async\" class=\"alignnone size-full wp-image-733\" src=\"http:\/\/caritas.elblag.pl\/wp-content\/uploads\/2018\/12\/7.jpg\" alt=\"\" width=\"961\" height=\"563\" srcset=\"http:\/\/caritas.elblag.pl\/wp-content\/uploads\/2018\/12\/7.jpg 961w, http:\/\/caritas.elblag.pl\/wp-content\/uploads\/2018\/12\/7-300x176.jpg 300w, http:\/\/caritas.elblag.pl\/wp-content\/uploads\/2018\/12\/7-768x450.jpg 768w, http:\/\/caritas.elblag.pl\/wp-content\/uploads\/2018\/12\/7-752x440.jpg 752w\" sizes=\"auto, (max-width: 961px) 100vw, 961px\" \/><\/a><\/p>\n","protected":false},"excerpt":{"rendered":"&#8220;Jednostka pozostaj\u0105ca cz\u0142onkiem lokalnej spo\u0142eczno\u015bci mo\u017ce i ma prawo uczestniczy\u0107 w normalnych aktywno\u015bciach spo\u0142ecznych z powod\u00f3w b\u0119d\u0105cych poza jej kontrol\u0105.&#8221; Ko\u0144czymy realizacj\u0119 projektu, \n<a class=\"moretag\" href=\"http:\/\/caritas.elblag.pl\/?p=729\"> [...]<\/a>","protected":false},"author":1,"featured_media":732,"comment_status":"closed","ping_status":"closed","sticky":false,"template":"","format":"standard","meta":{"_exactmetrics_skip_tracking":false,"_exactmetrics_sitenote_active":false,"_exactmetrics_sitenote_note":"","_exactmetrics_sitenote_category":0,"footnotes":""},"categories":[33,24],"tags":[],"class_list":["post-729","post","type-post","status-publish","format-standard","has-post-thumbnail","hentry","category-dzialalnosc","category-polecane"],"_links":{"self":[{"href":"http:\/\/caritas.elblag.pl\/index.php?rest_route=\/wp\/v2\/posts\/729","targetHints":{"allow":["GET"]}}],"collection":[{"href":"http:\/\/caritas.elblag.pl\/index.php?rest_route=\/wp\/v2\/posts"}],"about":[{"href":"http:\/\/caritas.elblag.pl\/index.php?rest_route=\/wp\/v2\/types\/post"}],"author":[{"embeddable":true,"href":"http:\/\/caritas.elblag.pl\/index.php?rest_route=\/wp\/v2\/users\/1"}],"replies":[{"embeddable":true,"href":"http:\/\/caritas.elblag.pl\/index.php?rest_route=%2Fwp%2Fv2%2Fcomments&post=729"}],"version-history":[{"count":1,"href":"http:\/\/caritas.elblag.pl\/index.php?rest_route=\/wp\/v2\/posts\/729\/revisions"}],"predecessor-version":[{"id":734,"href":"http:\/\/caritas.elblag.pl\/index.php?rest_route=\/wp\/v2\/posts\/729\/revisions\/734"}],"wp:featuredmedia":[{"embeddable":true,"href":"http:\/\/caritas.elblag.pl\/index.php?rest_route=\/wp\/v2\/media\/732"}],"wp:attachment":[{"href":"http:\/\/caritas.elblag.pl\/index.php?rest_route=%2Fwp%2Fv2%2Fmedia&parent=729"}],"wp:term":[{"taxonomy":"category","embeddable":true,"href":"http:\/\/caritas.elblag.pl\/index.php?rest_route=%2Fwp%2Fv2%2Fcategories&post=729"},{"taxonomy":"post_tag","embeddable":true,"href":"http:\/\/caritas.elblag.pl\/index.php?rest_route=%2Fwp%2Fv2%2Ftags&post=729"}],"curies":[{"name":"wp","href":"https:\/\/api.w.org\/{rel}","templated":true}]}}