{"id":767,"date":"2019-03-09T18:27:19","date_gmt":"2019-03-09T17:27:19","guid":{"rendered":"http:\/\/caritas.elblag.pl\/?p=767"},"modified":"2019-03-09T18:28:10","modified_gmt":"2019-03-09T17:28:10","slug":"dar-juniora-dla-seniora","status":"publish","type":"post","link":"http:\/\/caritas.elblag.pl\/?p=767","title":{"rendered":"Dar Juniora dla Seniora\u201d"},"content":{"rendered":"<p><strong>Solidarno\u015b\u0107 mi\u0119dzypokoleniowa przy\u015bwieca tegorocznej akcji Caritas \u201eJa\u0142mu\u017cna Wielkopostna\u201d, kt\u00f3ra wystartowa\u0142a w \u015arod\u0119 Popielcow\u0105 pod has\u0142em \u201eDar Juniora dla Seniora\u201d. Do akcji w\u0142\u0105czaj\u0105 si\u0119 szko\u0142y i parafie na terenie ca\u0142ego kraju. Datki uzbierane w papierowych skarbonkach przez dzieci i m\u0142odzie\u017c trafi\u0105 do os\u00f3b starszych i chorych.<\/strong><\/p>\n<p>\u201eJa\u0142mu\u017cna Wielkopostna\u201d to ma\u0142a ofiara, kt\u00f3ra przybiera form\u0119 dobrowolnej rezygnacji z przyjemno\u015bci materialnej lub po\u015bwi\u0119cenia czasu na wys\u0142uchanie, wsparcie i zrozumienie drugiej osoby. Zebrane w skarbonkach \u015brodki zostan\u0105 wykorzystane przez Parafialne Zespo\u0142y Caritas i Szkolne Ko\u0142a Caritas na zaspokojenie potrzeb senior\u00f3w w formie pomocy medycznej, \u017cywno\u015bci i odzie\u017cy.<\/p>\n<p>\u2013\u00a0<em style=\"font-weight: inherit;\">Poprzez Ja\u0142mu\u017cn\u0119 Wielkopostn\u0105 chcemy zwr\u00f3ci\u0107 uwag\u0119 dzieci, m\u0142odzie\u017cy na osoby starsze , kt\u00f3re \u017cyj\u0105 tu\u017c obok nas i kt\u00f3rych w nat\u0142oku codziennych spraw cz\u0119sto nie zauwa\u017camy\u00a0<\/em>\u2013 powiedzia\u0142 ks. Krzysztof Sroka, zast\u0119pca dyrektora Caritas Polska \u2013\u00a0<em style=\"font-weight: inherit;\">Akcja ta ma na celu budowanie postawy solidarno\u015bci mi\u0119dzypokoleniowej. Dawanie ja\u0142mu\u017cny mo\u017ce si\u0119 wydawa\u0107 rzecz\u0105 prost\u0105, ale musimy uwa\u017ca\u0107, aby nie ogo\u0142oci\u0107 tego gestu z jego istoty \u2013 po\u015bwi\u0119cenia dla drugiej osoby.<\/em><\/p>\n<p>Podczas konferencji inauguracyjnej akcji Caritas odby\u0142a si\u0119 moderowana dyskusja mi\u0119dzypokoleniowa, w kt\u00f3rej dzieci i seniorzy przedstawili swoje spostrze\u017cenia na temat wzajemnych relacji i idei pomagania.<\/p>\n<p><strong>Jak przy\u0142\u0105czy\u0107 si\u0119 do Ja\u0142mu\u017cny Wielkopostnej?<\/strong><\/p>\n<p><em>Pod koniec Wielkiego Postu, w Niedziel\u0119 Palmow\u0105, zbieramy wype\u0142nione Skarbonki i za zgromadzone oszcz\u0119dno\u015bci przynosimy im pomoc w postaci \u017cywno\u015bci i ubra\u0144.<\/em><\/p>\n<p><a href=\"https:\/\/caritas.pl\/blog\/2019\/03\/06\/rusza-jalmuzna-wielkopostna-2019\/\">https:\/\/caritas.pl\/blog\/2019\/03\/06\/rusza-jalmuzna-wielkopostna-2019\/<\/a><\/p>\n<p>Zobacz reporta\u017c:<\/p>\n<p><iframe loading=\"lazy\" width=\"747\" height=\"420\" src=\"https:\/\/www.youtube.com\/embed\/E3_SsliD9Fo?feature=oembed\" frameborder=\"0\" allow=\"accelerometer; autoplay; encrypted-media; gyroscope; picture-in-picture\" allowfullscreen><\/iframe><\/p>\n","protected":false},"excerpt":{"rendered":"Solidarno\u015b\u0107 mi\u0119dzypokoleniowa przy\u015bwieca tegorocznej akcji Caritas \u201eJa\u0142mu\u017cna Wielkopostna\u201d, kt\u00f3ra wystartowa\u0142a w \u015arod\u0119 Popielcow\u0105 pod has\u0142em \u201eDar Juniora dla Seniora\u201d. Do akcji w\u0142\u0105czaj\u0105 si\u0119 \n<a class=\"moretag\" href=\"http:\/\/caritas.elblag.pl\/?p=767\"> [...]<\/a>","protected":false},"author":1,"featured_media":768,"comment_status":"closed","ping_status":"closed","sticky":false,"template":"","format":"standard","meta":{"_exactmetrics_skip_tracking":false,"_exactmetrics_sitenote_active":false,"_exactmetrics_sitenote_note":"","_exactmetrics_sitenote_category":0,"footnotes":""},"categories":[6,33,24,8,7],"tags":[],"class_list":["post-767","post","type-post","status-publish","format-standard","has-post-thumbnail","hentry","category-aktualnosci","category-dzialalnosc","category-polecane","category-wolontariat","category-zycie-kosciola"],"_links":{"self":[{"href":"http:\/\/caritas.elblag.pl\/index.php?rest_route=\/wp\/v2\/posts\/767","targetHints":{"allow":["GET"]}}],"collection":[{"href":"http:\/\/caritas.elblag.pl\/index.php?rest_route=\/wp\/v2\/posts"}],"about":[{"href":"http:\/\/caritas.elblag.pl\/index.php?rest_route=\/wp\/v2\/types\/post"}],"author":[{"embeddable":true,"href":"http:\/\/caritas.elblag.pl\/index.php?rest_route=\/wp\/v2\/users\/1"}],"replies":[{"embeddable":true,"href":"http:\/\/caritas.elblag.pl\/index.php?rest_route=%2Fwp%2Fv2%2Fcomments&post=767"}],"version-history":[{"count":2,"href":"http:\/\/caritas.elblag.pl\/index.php?rest_route=\/wp\/v2\/posts\/767\/revisions"}],"predecessor-version":[{"id":770,"href":"http:\/\/caritas.elblag.pl\/index.php?rest_route=\/wp\/v2\/posts\/767\/revisions\/770"}],"wp:featuredmedia":[{"embeddable":true,"href":"http:\/\/caritas.elblag.pl\/index.php?rest_route=\/wp\/v2\/media\/768"}],"wp:attachment":[{"href":"http:\/\/caritas.elblag.pl\/index.php?rest_route=%2Fwp%2Fv2%2Fmedia&parent=767"}],"wp:term":[{"taxonomy":"category","embeddable":true,"href":"http:\/\/caritas.elblag.pl\/index.php?rest_route=%2Fwp%2Fv2%2Fcategories&post=767"},{"taxonomy":"post_tag","embeddable":true,"href":"http:\/\/caritas.elblag.pl\/index.php?rest_route=%2Fwp%2Fv2%2Ftags&post=767"}],"curies":[{"name":"wp","href":"https:\/\/api.w.org\/{rel}","templated":true}]}}