{"id":803,"date":"2019-04-19T14:52:22","date_gmt":"2019-04-19T12:52:22","guid":{"rendered":"http:\/\/caritas.elblag.pl\/?p=803"},"modified":"2019-04-19T14:54:51","modified_gmt":"2019-04-19T12:54:51","slug":"ewangelia-zrodlem-radosci-ks-wojciech-skibicki-przyjal-swiecenia-biskupie","status":"publish","type":"post","link":"http:\/\/caritas.elblag.pl\/?p=803","title":{"rendered":"\u201eEwangelia \u017ar\u00f3d\u0142em rado\u015bci\u201d &#8211; Ks. Wojciech Skibicki przyj\u0105\u0142 \u015bwi\u0119cenia biskupie"},"content":{"rendered":"<p class=\"lead\" style=\"text-align: justify; line-height: 15.6pt; margin: 0cm 0cm 12.5pt 0cm;\"><b><span style=\"font-size: 13.0pt; font-family: 'Arial','sans-serif';\"><a href=\"http:\/\/caritas.elblag.pl\/wp-content\/uploads\/2019\/04\/799523_el15s01_biskup_wojciech1_82.jpg\"><img loading=\"lazy\" decoding=\"async\" class=\"size-full wp-image-805 alignleft\" src=\"http:\/\/caritas.elblag.pl\/wp-content\/uploads\/2019\/04\/799523_el15s01_biskup_wojciech1_82.jpg\" alt=\"\" width=\"353\" height=\"520\" srcset=\"http:\/\/caritas.elblag.pl\/wp-content\/uploads\/2019\/04\/799523_el15s01_biskup_wojciech1_82.jpg 353w, http:\/\/caritas.elblag.pl\/wp-content\/uploads\/2019\/04\/799523_el15s01_biskup_wojciech1_82-204x300.jpg 204w\" sizes=\"auto, (max-width: 353px) 100vw, 353px\" \/><\/a>6 kwietnia 2019r. 14 biskup\u00f3w uczestniczy\u0142o w uroczysto\u015bciach \u015bwi\u0119ce\u0144 nowego biskupa pomocniczego diecezji elbl\u0105skiej bp. nominata Wojciecha Skibickiego. G\u0142\u00f3wnym szafarzem \u015bwi\u0119ce\u0144 by\u0142 bp Jacek Jezierski &#8211; biskup elbl\u0105ski, a wsp\u00f3\u0142szafarzami arcybiskupi: Salvatore Pennacchio &#8211; nuncjusz apostolski w Polsce oraz J\u00f3zef G\u00f3rzy\u0144ski &#8211; metropolita warmi\u0144ski.<\/span><\/b><\/p>\n<p style=\"text-align: justify; box-sizing: border-box; font-variant-ligatures: normal; font-variant-caps: normal; orphans: 2; widows: 2; -webkit-text-stroke-width: 0px; text-decoration-style: initial; text-decoration-color: initial; word-spacing: 0px; margin: 0cm 0cm 6.25pt 0cm;\"><span style=\"font-size: 10.5pt; font-family: 'Georgia','serif';\">Zgodnie z tradycj\u0105, na pocz\u0105tku obrz\u0119du zosta\u0142a odczytana bulla papieska, w kt\u00f3rej Ojciec \u015awi\u0119ty Franciszek zwraca si\u0119 do nominata: &#8220;Po wys\u0142uchaniu opinii Kongregacji do spraw Biskup\u00f3w, moj\u0105 apostolsk\u0105 w\u0142adz\u0105 ustanawiam Ciebie biskupem tytularnym ze stolic\u0105 w Casae Nigrae i pomocniczym diecezji elbl\u0105skiej&#8221;.<\/span><\/p>\n<p style=\"text-align: justify; box-sizing: border-box; font-variant-ligatures: normal; font-variant-caps: normal; orphans: 2; widows: 2; -webkit-text-stroke-width: 0px; text-decoration-style: initial; text-decoration-color: initial; word-spacing: 0px; margin: 0cm 0cm 6.25pt 0cm;\"><span style=\"font-size: 10.5pt; font-family: 'Georgia','serif';\">W homilii bp Jezierski nawi\u0105za\u0142 do ewangelicznej sceny ustanowienia Dwunastu, kt\u00f3ra jest archetypem chrze\u015bcija\u0144skiego my\u015blenia o osobie, \u017cyciu i dzia\u0142alno\u015bci biskupa oraz o kolegium biskup\u00f3w. Przypomnia\u0142 te\u017c, \u017ce w du\u017cych \u015bredniowiecznych ko\u015bcio\u0142ach, takich jak katedra elbl\u0105ska, umieszczano na filarach, kt\u00f3rych musia\u0142o by\u0107 co najmniej dwana\u015bcie, rze\u017aby przedstawiaj\u0105ce Aposto\u0142\u00f3w.<\/span><\/p>\n<p style=\"text-align: justify; box-sizing: border-box; font-variant-ligatures: normal; font-variant-caps: normal; orphans: 2; widows: 2; -webkit-text-stroke-width: 0px; text-decoration-style: initial; text-decoration-color: initial; word-spacing: 0px; margin: 0cm 0cm 6.25pt 0cm;\"><span style=\"font-size: 10.5pt; font-family: 'Georgia','serif';\">&#8211; Rze\u017aby Dwunastu na filarach obrazowa\u0142y i obrazuj\u0105 do dzi\u015b znaczenie Aposto\u0142\u00f3w w Ko\u015bciele. To oni stali si\u0119 filarami wsp\u00f3lnoty, kt\u00f3r\u0105 tworzy\u0142 i nadal buduje Chrystus \u2013 zaznaczy\u0142 bp. Jezierski. Zdaniem kaznodziei, ka\u017cdy biskup jest \u015bwiadkiem Jezusa Chrystusa ukrzy\u017cowanego i zmartwychwsta\u0142ego, poni\u017conego i wzgardzonego, ale te\u017c chwalebnego, zwyci\u0119skiego, mi\u0142osiernego i nios\u0105cego nadziej\u0119. &#8211; Winien on wprowadza\u0107 innych w wiar\u0119 i w \u017cycie chrze\u015bcija\u0144skie. Jest to jego podstawowe zadanie i pos\u0142annictwo. Jest to r\u00f3wnocze\u015bnie zasiew dla przysz\u0142o\u015bci \u2013 podkre\u015bli\u0142 biskup elbl\u0105ski.<\/span><\/p>\n<p style=\"text-align: justify; margin: 0cm 0cm 6.25pt 0cm;\"><span style=\"font-size: 10.5pt; font-family: 'Georgia','serif';\">Po przyrzeczeniu z\u0142o\u017conym przez biskupa nominata i od\u015bpiewaniu litanii do \u015awi\u0119tych nast\u0105pi\u0142 mia\u0142 miejsce obrz\u0119d na\u0142o\u017cenia r\u0105k oraz modlitwa \u015bwi\u0119ce\u0144. Po nich, g\u0142\u00f3wny szafarz nama\u015bci\u0142 g\u0142ow\u0119 wybranego i przekaza\u0142 mu ksi\u0119g\u0119 Ewangelii oraz insygnia biskupie: pier\u015bcie\u0144, mitr\u0119 i pastora\u0142.<\/span><\/p>\n<p style=\"text-align: justify; box-sizing: border-box; font-variant-ligatures: normal; font-variant-caps: normal; orphans: 2; widows: 2; -webkit-text-stroke-width: 0px; text-decoration-style: initial; text-decoration-color: initial; word-spacing: 0px; margin: 0cm 0cm 6.25pt 0cm;\"><span style=\"font-size: 10.5pt; font-family: 'Georgia','serif';\">Na zako\u0144czenie liturgii przedstawiciele wiernych \u015bwieckich, os\u00f3b \u017cycia konsekrowanego oraz duchowie\u0144stwa diecezji elbl\u0105skiej wypowiedzieli wobec bp. Skibickiego s\u0142owa pozdrowie\u0144 i akceptacji. Odczytano tak\u017ce listy gratulacyjne: Prezydenta RP oraz Przewodnicz\u0105cego Konferencji Episkopatu Polski. S\u0142owo pozdrowie\u0144 i \u017cycze\u0144 wyg\u0142osi\u0142 nuncjusz apostolski. Po nich, podzi\u0119kowanie Ojcu \u015awi\u0119temu i zgromadzonym w katedrze z\u0142o\u017cy\u0142 nowo wy\u015bwi\u0119cony biskup.<\/span><\/p>\n<p style=\"text-align: justify; box-sizing: border-box; font-variant-ligatures: normal; font-variant-caps: normal; orphans: 2; widows: 2; -webkit-text-stroke-width: 0px; text-decoration-style: initial; text-decoration-color: initial; word-spacing: 0px; margin: 0cm 0cm 6.25pt 0cm;\"><span style=\"font-size: 10.5pt; font-family: 'Georgia','serif';\">Asyst\u0119 liturgiczn\u0105 uroczysto\u015bci przygotowali alumni Seminarium w Elbl\u0105gu. Natomiast opraw\u0119 muzyczn\u0105 zapewni\u0142y: Ch\u00f3r Lutnia z Malborka pod batut\u0105 Bo\u017ceny Belcarz oraz zesp\u00f3\u0142 instrumentalny Capella Sancti Nicolai, kt\u00f3ry prowadzi ks. Piotr Towarek. W repertuarze znalaz\u0142y si\u0119 cz\u0119\u015bci sta\u0142e z Mszy ku czci \u015bw. Jacka Odrow\u0105\u017ca (Kyrie, Sanctus, Agnus Dei), skomponowanej przez Paw\u0142a B\u0119benka w 1. rocznic\u0119 ingresu bp. Jezierskiego do katedry elbl\u0105skiej. Ponadto, na zako\u0144czenie liturgii zebrani us\u0142yszeli tak\u017ce dwa utwory instrumentalne na tr\u0105bk\u0119 solo i organy: Te Deum (Marc Antoine Charpentier) oraz Rondo\u201d z 1. Suity Movm. 1. Symphonies de Fanfares (Jean-Joseph Mouret).<\/span><\/p>\n<p style=\"text-align: justify; box-sizing: border-box; font-variant-ligatures: normal; font-variant-caps: normal; orphans: 2; widows: 2; -webkit-text-stroke-width: 0px; text-decoration-style: initial; text-decoration-color: initial; word-spacing: 0px; margin: 0cm 0cm 6.25pt 0cm;\"><span style=\"font-size: 10.5pt; font-family: 'Georgia','serif';\">Bp Skibicki na swoj\u0105 dewiz\u0119 biskupi\u0105 wybra\u0142 s\u0142owa: \u201eEwangelia \u017ar\u00f3d\u0142em rado\u015bci\u201d. Tarcza jego herbu zosta\u0142a podzielona na cztery pola \u2013 dwa czerwone i dwa niebieskie \u2013 za pomoc\u0105 skrzy\u017cowania ze sob\u0105 pastora\u0142u i w\u0142\u00f3czni, kt\u00f3re nawi\u0105zuj\u0105 do osoby \u015bw. Wojciecha i prawdopodobnego miejsca jego m\u0119cze\u0144skiej \u015bmierci w \u015awi\u0119tym Gaju, nieopodal Elbl\u0105ga. Kolor czerwony symbolizuje w heraldyce: wspania\u0142omy\u015blno\u015b\u0107, hart ducha i waleczno\u015b\u0107, natomiast kolor niebieski \u2013 czysto\u015b\u0107, lojalno\u015b\u0107 i wierno\u015b\u0107. W g\u00f3rnym polu czerwonym znajduje si\u0119 pi\u0119ciop\u0142atkowa r\u00f3\u017ca srebrna (r\u00f3\u017cyc, poraj) \u2013 znak rodu S\u0142awnik\u00f3w, z kt\u00f3rego pochodzi\u0142 \u015bw. Wojciech. W dolnym polu czerwonym \u2013 ksi\u0119ga Ewangelii nawi\u0105zuj\u0105ca do zawo\u0142ania biskupiego, umieszczonego na szarfie pod herbem.<\/span><\/p>\n<p style=\"text-align: justify; box-sizing: border-box; font-variant-ligatures: normal; font-variant-caps: normal; orphans: 2; widows: 2; -webkit-text-stroke-width: 0px; text-decoration-style: initial; text-decoration-color: initial; word-spacing: 0px; margin: 0cm 0cm 6.25pt 0cm;\"><span style=\"font-size: 10.5pt; font-family: 'Georgia','serif';\">Uroczysto\u015b\u0107 \u015bwi\u0119ce\u0144 bp. Wojciecha Skibickiego jest drug\u0105 tego typu w dziejach ko\u015bcio\u0142a \u015bw. Miko\u0142aja w Elbl\u0105gu. 7 pa\u017adziernika 1747 r. \u015bwi\u0119cenia biskupie przyj\u0105\u0142 w tym samym miejscu Wojciech Stanis\u0142aw Leski &#8211; biskup che\u0142mi\u0144ski. Bp Skibicki jest te\u017c drugim w historii diecezji elbl\u0105skiej biskupem pomocniczym. Jego poprzednikiem na tym urz\u0119dzie by\u0142 w latach 1992-2015 bp J\u00f3zef Wysocki.<\/span><\/p>\n<p>(\u0179r\u00f3d\u0142o KAI)<\/p>\n<p><a href=\"http:\/\/caritas.elblag.pl\/wp-content\/uploads\/2019\/04\/727145d74c05f878af818154a2ef5e9e.jpg\"><img loading=\"lazy\" decoding=\"async\" class=\"alignnone size-large wp-image-806\" src=\"http:\/\/caritas.elblag.pl\/wp-content\/uploads\/2019\/04\/727145d74c05f878af818154a2ef5e9e.jpg\" alt=\"\" width=\"747\" height=\"504\" srcset=\"http:\/\/caritas.elblag.pl\/wp-content\/uploads\/2019\/04\/727145d74c05f878af818154a2ef5e9e.jpg 750w, http:\/\/caritas.elblag.pl\/wp-content\/uploads\/2019\/04\/727145d74c05f878af818154a2ef5e9e-300x202.jpg 300w\" sizes=\"auto, (max-width: 747px) 100vw, 747px\" \/><\/a> <a href=\"http:\/\/caritas.elblag.pl\/wp-content\/uploads\/2019\/04\/0aa2a4b69464cf4630204660dbb1d10d.jpg\"><img loading=\"lazy\" decoding=\"async\" class=\"alignnone size-large wp-image-807\" src=\"http:\/\/caritas.elblag.pl\/wp-content\/uploads\/2019\/04\/0aa2a4b69464cf4630204660dbb1d10d.jpg\" alt=\"\" width=\"747\" height=\"497\" srcset=\"http:\/\/caritas.elblag.pl\/wp-content\/uploads\/2019\/04\/0aa2a4b69464cf4630204660dbb1d10d.jpg 765w, http:\/\/caritas.elblag.pl\/wp-content\/uploads\/2019\/04\/0aa2a4b69464cf4630204660dbb1d10d-300x200.jpg 300w\" sizes=\"auto, (max-width: 747px) 100vw, 747px\" \/><\/a> <a href=\"http:\/\/caritas.elblag.pl\/wp-content\/uploads\/2019\/04\/5ca8c1180c948_osize933x0q70hb8e595.jpg\"><img loading=\"lazy\" decoding=\"async\" class=\"alignnone size-large wp-image-808\" src=\"http:\/\/caritas.elblag.pl\/wp-content\/uploads\/2019\/04\/5ca8c1180c948_osize933x0q70hb8e595.jpg\" alt=\"\" width=\"747\" height=\"499\" srcset=\"http:\/\/caritas.elblag.pl\/wp-content\/uploads\/2019\/04\/5ca8c1180c948_osize933x0q70hb8e595.jpg 933w, http:\/\/caritas.elblag.pl\/wp-content\/uploads\/2019\/04\/5ca8c1180c948_osize933x0q70hb8e595-300x200.jpg 300w, http:\/\/caritas.elblag.pl\/wp-content\/uploads\/2019\/04\/5ca8c1180c948_osize933x0q70hb8e595-768x513.jpg 768w\" sizes=\"auto, (max-width: 747px) 100vw, 747px\" \/><\/a> <a href=\"http:\/\/caritas.elblag.pl\/wp-content\/uploads\/2019\/04\/5ca8c06e9a9d0_osize933x0q70hcde934.jpg\"><img loading=\"lazy\" decoding=\"async\" class=\"alignnone size-large wp-image-809\" src=\"http:\/\/caritas.elblag.pl\/wp-content\/uploads\/2019\/04\/5ca8c06e9a9d0_osize933x0q70hcde934.jpg\" alt=\"\" width=\"747\" height=\"499\" srcset=\"http:\/\/caritas.elblag.pl\/wp-content\/uploads\/2019\/04\/5ca8c06e9a9d0_osize933x0q70hcde934.jpg 933w, http:\/\/caritas.elblag.pl\/wp-content\/uploads\/2019\/04\/5ca8c06e9a9d0_osize933x0q70hcde934-300x200.jpg 300w, http:\/\/caritas.elblag.pl\/wp-content\/uploads\/2019\/04\/5ca8c06e9a9d0_osize933x0q70hcde934-768x513.jpg 768w\" sizes=\"auto, (max-width: 747px) 100vw, 747px\" \/><\/a> <a href=\"http:\/\/caritas.elblag.pl\/wp-content\/uploads\/2019\/04\/5ca8bf445ba83_osize933x0q70h3799a9.jpg\"><img loading=\"lazy\" decoding=\"async\" class=\"alignnone size-large wp-image-810\" src=\"http:\/\/caritas.elblag.pl\/wp-content\/uploads\/2019\/04\/5ca8bf445ba83_osize933x0q70h3799a9.jpg\" alt=\"\" width=\"747\" height=\"499\" srcset=\"http:\/\/caritas.elblag.pl\/wp-content\/uploads\/2019\/04\/5ca8bf445ba83_osize933x0q70h3799a9.jpg 933w, http:\/\/caritas.elblag.pl\/wp-content\/uploads\/2019\/04\/5ca8bf445ba83_osize933x0q70h3799a9-300x200.jpg 300w, http:\/\/caritas.elblag.pl\/wp-content\/uploads\/2019\/04\/5ca8bf445ba83_osize933x0q70h3799a9-768x513.jpg 768w\" sizes=\"auto, (max-width: 747px) 100vw, 747px\" \/><\/a> <a href=\"http:\/\/caritas.elblag.pl\/wp-content\/uploads\/2019\/04\/5ca8be17515d2_osize933x0q70hcac394.jpg\"><img loading=\"lazy\" decoding=\"async\" class=\"alignnone size-large wp-image-811\" src=\"http:\/\/caritas.elblag.pl\/wp-content\/uploads\/2019\/04\/5ca8be17515d2_osize933x0q70hcac394.jpg\" alt=\"\" width=\"747\" height=\"499\" srcset=\"http:\/\/caritas.elblag.pl\/wp-content\/uploads\/2019\/04\/5ca8be17515d2_osize933x0q70hcac394.jpg 933w, http:\/\/caritas.elblag.pl\/wp-content\/uploads\/2019\/04\/5ca8be17515d2_osize933x0q70hcac394-300x200.jpg 300w, http:\/\/caritas.elblag.pl\/wp-content\/uploads\/2019\/04\/5ca8be17515d2_osize933x0q70hcac394-768x513.jpg 768w\" sizes=\"auto, (max-width: 747px) 100vw, 747px\" \/><\/a> <a href=\"http:\/\/caritas.elblag.pl\/wp-content\/uploads\/2019\/04\/5ca8bdec92ef4_osize933x0q70h41e37f.jpg\"><img loading=\"lazy\" decoding=\"async\" class=\"alignnone size-large wp-image-812\" src=\"http:\/\/caritas.elblag.pl\/wp-content\/uploads\/2019\/04\/5ca8bdec92ef4_osize933x0q70h41e37f.jpg\" alt=\"\" width=\"747\" height=\"499\" srcset=\"http:\/\/caritas.elblag.pl\/wp-content\/uploads\/2019\/04\/5ca8bdec92ef4_osize933x0q70h41e37f.jpg 933w, http:\/\/caritas.elblag.pl\/wp-content\/uploads\/2019\/04\/5ca8bdec92ef4_osize933x0q70h41e37f-300x200.jpg 300w, http:\/\/caritas.elblag.pl\/wp-content\/uploads\/2019\/04\/5ca8bdec92ef4_osize933x0q70h41e37f-768x513.jpg 768w\" sizes=\"auto, (max-width: 747px) 100vw, 747px\" \/><\/a> <a href=\"http:\/\/caritas.elblag.pl\/wp-content\/uploads\/2019\/04\/5ca8bbefbc89f_osize933x0q70hd765ae.jpg\"><img loading=\"lazy\" decoding=\"async\" class=\"alignnone size-large wp-image-813\" src=\"http:\/\/caritas.elblag.pl\/wp-content\/uploads\/2019\/04\/5ca8bbefbc89f_osize933x0q70hd765ae.jpg\" alt=\"\" width=\"747\" height=\"499\" srcset=\"http:\/\/caritas.elblag.pl\/wp-content\/uploads\/2019\/04\/5ca8bbefbc89f_osize933x0q70hd765ae.jpg 933w, http:\/\/caritas.elblag.pl\/wp-content\/uploads\/2019\/04\/5ca8bbefbc89f_osize933x0q70hd765ae-300x200.jpg 300w, http:\/\/caritas.elblag.pl\/wp-content\/uploads\/2019\/04\/5ca8bbefbc89f_osize933x0q70hd765ae-768x513.jpg 768w\" sizes=\"auto, (max-width: 747px) 100vw, 747px\" \/><\/a> <a href=\"http:\/\/caritas.elblag.pl\/wp-content\/uploads\/2019\/04\/1554721382.jpg\"><img loading=\"lazy\" decoding=\"async\" class=\"alignnone wp-image-814\" src=\"http:\/\/caritas.elblag.pl\/wp-content\/uploads\/2019\/04\/1554721382.jpg\" alt=\"\" width=\"747\" height=\"479\" srcset=\"http:\/\/caritas.elblag.pl\/wp-content\/uploads\/2019\/04\/1554721382.jpg 624w, http:\/\/caritas.elblag.pl\/wp-content\/uploads\/2019\/04\/1554721382-300x192.jpg 300w\" sizes=\"auto, (max-width: 747px) 100vw, 747px\" \/><\/a><\/p>\n","protected":false},"excerpt":{"rendered":"6 kwietnia 2019r. 14 biskup\u00f3w uczestniczy\u0142o w uroczysto\u015bciach \u015bwi\u0119ce\u0144 nowego biskupa pomocniczego diecezji elbl\u0105skiej bp. nominata Wojciecha Skibickiego. G\u0142\u00f3wnym szafarzem \u015bwi\u0119ce\u0144 by\u0142 bp \n<a class=\"moretag\" href=\"http:\/\/caritas.elblag.pl\/?p=803\"> [...]<\/a>","protected":false},"author":1,"featured_media":804,"comment_status":"closed","ping_status":"closed","sticky":false,"template":"","format":"standard","meta":{"_exactmetrics_skip_tracking":false,"_exactmetrics_sitenote_active":false,"_exactmetrics_sitenote_note":"","_exactmetrics_sitenote_category":0,"footnotes":""},"categories":[6,24,7],"tags":[],"class_list":["post-803","post","type-post","status-publish","format-standard","has-post-thumbnail","hentry","category-aktualnosci","category-polecane","category-zycie-kosciola"],"_links":{"self":[{"href":"http:\/\/caritas.elblag.pl\/index.php?rest_route=\/wp\/v2\/posts\/803","targetHints":{"allow":["GET"]}}],"collection":[{"href":"http:\/\/caritas.elblag.pl\/index.php?rest_route=\/wp\/v2\/posts"}],"about":[{"href":"http:\/\/caritas.elblag.pl\/index.php?rest_route=\/wp\/v2\/types\/post"}],"author":[{"embeddable":true,"href":"http:\/\/caritas.elblag.pl\/index.php?rest_route=\/wp\/v2\/users\/1"}],"replies":[{"embeddable":true,"href":"http:\/\/caritas.elblag.pl\/index.php?rest_route=%2Fwp%2Fv2%2Fcomments&post=803"}],"version-history":[{"count":2,"href":"http:\/\/caritas.elblag.pl\/index.php?rest_route=\/wp\/v2\/posts\/803\/revisions"}],"predecessor-version":[{"id":816,"href":"http:\/\/caritas.elblag.pl\/index.php?rest_route=\/wp\/v2\/posts\/803\/revisions\/816"}],"wp:featuredmedia":[{"embeddable":true,"href":"http:\/\/caritas.elblag.pl\/index.php?rest_route=\/wp\/v2\/media\/804"}],"wp:attachment":[{"href":"http:\/\/caritas.elblag.pl\/index.php?rest_route=%2Fwp%2Fv2%2Fmedia&parent=803"}],"wp:term":[{"taxonomy":"category","embeddable":true,"href":"http:\/\/caritas.elblag.pl\/index.php?rest_route=%2Fwp%2Fv2%2Fcategories&post=803"},{"taxonomy":"post_tag","embeddable":true,"href":"http:\/\/caritas.elblag.pl\/index.php?rest_route=%2Fwp%2Fv2%2Ftags&post=803"}],"curies":[{"name":"wp","href":"https:\/\/api.w.org\/{rel}","templated":true}]}}