{"id":831,"date":"2019-05-16T12:14:20","date_gmt":"2019-05-16T10:14:20","guid":{"rendered":"http:\/\/caritas.elblag.pl\/?p=831"},"modified":"2019-05-16T12:14:20","modified_gmt":"2019-05-16T10:14:20","slug":"ogloszenia","status":"publish","type":"post","link":"http:\/\/caritas.elblag.pl\/?p=831","title":{"rendered":"Og\u0142oszenia"},"content":{"rendered":"<p>Caritas Diecezji Elbl\u0105skiej realizuje zadanie publiczne pod tytu\u0142em:<\/p>\n<p><strong>1\/ Prowadzenie punktu konsultacyjno &#8211; informacyjnego, jako wsparcia psychologicznego, pedagogicznego oraz edukacji dla os\u00f3b z problemem alkoholowym, innymi uzale\u017cnieniami i ich rodzin \u2013 \u201eProwadzenie dzia\u0142a\u0144 jako wsparcia psychologicznego, pedagogicznego oraz edukacyjnego dla os\u00f3b z problemem alkoholowym i ich rodzin\u201d w ramach Miejskiego Programu Profilaktyki i Rozwi\u0105zywania Problem\u00f3w Alkoholowych na 2019r.<\/strong><\/p>\n<p>Caritas Diecezji Elbl\u0105skiej od 09 maja do 31 grudnia 2019r. prowadzi Poradni\u0119 Rodzinn\u0105 przy ul. Zamkowej 17.<strong> Poradnia czynna jest w \u015brody w godzinach 16.00 \u2013 18.<\/strong>00 (przerwa wakacyjna VII i VIII). W poradni pracuj\u0105 <strong>specjali\u015bci: psycholog-psychoterapeuta, pedagog, mediator-negocjator rodzinny, etyk, duszpasterz, konsultant rodzinny, specjalista od przeciwdzia\u0142ania przemocy w rodzinie.<\/strong><\/p>\n<p><strong>Zadanie realizowane jest przy wsp\u00f3\u0142udziale finansowym Gminy Miasto Elbl\u0105g.<br \/>\n<\/strong>\u2026\u2026\u2026\u2026\u2026\u2026\u2026\u2026\u2026\u2026\u2026\u2026\u2026\u2026\u2026\u2026\u2026\u2026\u2026\u2026\u2026\u2026\u2026\u2026\u2026\u2026.<strong><br \/>\n<\/strong><\/p>\n<p><strong>2\/\u00a0<\/strong>Caritas Diecezji Elbl\u0105skiej realizuje zadanie publiczne pod tytu\u0142em:<\/p>\n<p><strong>\u201eOrganizacja wypoczynku letniego &#8211; profilaktyka uzale\u017cnie\u0144 w\u015br\u00f3d dzieci i m\u0142odzie\u017cy w okresie wakacji 2019 w ramach Miejskiego Programu Profilaktyki i Rozwi\u0105zywania Problem\u00f3w Alkoholowych na 2019r. \u2013 Kolonie letnie dla elbl\u0105skich dzieci i m\u0142odzie\u017cy\u201d<\/strong><\/p>\n<p><strong>Caritas Diecezji Elbl\u0105skiej od 11 lipca do 23 sierpnia 2019r. organizuje kolonie letnie dla elbl\u0105skich dzieci w Caritas Diecezji Elbl\u0105skiej O\u015brodek Kolonijno \u2013 Formacyjny w Mikoszewie, ul. Wi\u015blana 20, 82-103 Stegna.<\/strong><\/p>\n<p><strong>Zadanie realizowane jest przy wsp\u00f3\u0142udziale finansowym Gminy Miasto Elbl\u0105g.<br \/>\n<\/strong>\u2026\u2026\u2026\u2026\u2026\u2026\u2026\u2026\u2026\u2026\u2026\u2026\u2026\u2026\u2026\u2026\u2026\u2026\u2026\u2026\u2026\u2026\u2026\u2026\u2026\u2026\u2026&#8230;<strong><br \/>\n<\/strong><\/p>\n<p><strong>3\/\u00a0<\/strong>\u00a0Caritas Diecezji Elbl\u0105skiej realizuje zadanie publiczne do Konkursu Senior Caritas pod tytu\u0142em:<\/p>\n<p><strong>\u201eAktywny Senior\u201d Umowa NR 103\/2019\/CP zawarta dnia 04 kwietnia 2019r.<\/strong><\/p>\n<p>W ramach zadania Caritas Diecezji Elbl\u0105skiej prowadzi Klub Seniora, spotkania odbywaj\u0105 si\u0119 w <strong>poniedzia\u0142ki, wtorki i czwartki.<\/strong><\/p>\n<p><strong>Zadanie realizowane jest przy wsp\u00f3\u0142udziale finansowym Caritas Polska<\/strong><\/p>\n","protected":false},"excerpt":{"rendered":"Caritas Diecezji Elbl\u0105skiej realizuje zadanie publiczne pod tytu\u0142em: 1\/ Prowadzenie punktu konsultacyjno &#8211; informacyjnego, jako wsparcia psychologicznego, pedagogicznego oraz edukacji dla os\u00f3b z \n<a class=\"moretag\" href=\"http:\/\/caritas.elblag.pl\/?p=831\"> [...]<\/a>","protected":false},"author":1,"featured_media":832,"comment_status":"closed","ping_status":"closed","sticky":false,"template":"","format":"standard","meta":{"_exactmetrics_skip_tracking":false,"_exactmetrics_sitenote_active":false,"_exactmetrics_sitenote_note":"","_exactmetrics_sitenote_category":0,"footnotes":""},"categories":[33,24,8],"tags":[],"class_list":["post-831","post","type-post","status-publish","format-standard","has-post-thumbnail","hentry","category-dzialalnosc","category-polecane","category-wolontariat"],"_links":{"self":[{"href":"http:\/\/caritas.elblag.pl\/index.php?rest_route=\/wp\/v2\/posts\/831","targetHints":{"allow":["GET"]}}],"collection":[{"href":"http:\/\/caritas.elblag.pl\/index.php?rest_route=\/wp\/v2\/posts"}],"about":[{"href":"http:\/\/caritas.elblag.pl\/index.php?rest_route=\/wp\/v2\/types\/post"}],"author":[{"embeddable":true,"href":"http:\/\/caritas.elblag.pl\/index.php?rest_route=\/wp\/v2\/users\/1"}],"replies":[{"embeddable":true,"href":"http:\/\/caritas.elblag.pl\/index.php?rest_route=%2Fwp%2Fv2%2Fcomments&post=831"}],"version-history":[{"count":1,"href":"http:\/\/caritas.elblag.pl\/index.php?rest_route=\/wp\/v2\/posts\/831\/revisions"}],"predecessor-version":[{"id":833,"href":"http:\/\/caritas.elblag.pl\/index.php?rest_route=\/wp\/v2\/posts\/831\/revisions\/833"}],"wp:featuredmedia":[{"embeddable":true,"href":"http:\/\/caritas.elblag.pl\/index.php?rest_route=\/wp\/v2\/media\/832"}],"wp:attachment":[{"href":"http:\/\/caritas.elblag.pl\/index.php?rest_route=%2Fwp%2Fv2%2Fmedia&parent=831"}],"wp:term":[{"taxonomy":"category","embeddable":true,"href":"http:\/\/caritas.elblag.pl\/index.php?rest_route=%2Fwp%2Fv2%2Fcategories&post=831"},{"taxonomy":"post_tag","embeddable":true,"href":"http:\/\/caritas.elblag.pl\/index.php?rest_route=%2Fwp%2Fv2%2Ftags&post=831"}],"curies":[{"name":"wp","href":"https:\/\/api.w.org\/{rel}","templated":true}]}}