{"id":866,"date":"2019-08-23T16:47:04","date_gmt":"2019-08-23T14:47:04","guid":{"rendered":"http:\/\/caritas.elblag.pl\/?p=866"},"modified":"2019-08-23T16:47:04","modified_gmt":"2019-08-23T14:47:04","slug":"iii-turnus-kolonii-letnich-cde-w-mikoszewie","status":"publish","type":"post","link":"http:\/\/caritas.elblag.pl\/?p=866","title":{"rendered":"III Turnus kolonii letnich CDE w Mikoszewie"},"content":{"rendered":"<p><strong>W okresie 03.08-12.08.2019r. odby\u0142 si\u0119 III turnus kolonii letnich w Caritas Diecezji Elbl\u0105skiej O\u015brodek Kolonijno-Formacyjny w Mikoszewie.<\/strong><\/p>\n<p>G\u0142\u00f3wny cel pobytu dzieci \u2013 to poprawienie stanu zdrowia, duchowy rozw\u00f3j, odpoczynek i zabawa. Dzieci mia\u0142y zorganizowan\u0105 wycieczk\u0119 do Gda\u0144ska, gdzie mia\u0142y mo\u017cliwo\u015b\u0107 zapoznania si\u0119 z zabytkami i jego histori\u0105. Atrakcj\u0105 r\u00f3wnie\u017c by\u0142a przeprawa promem przez Wis\u0142\u0119 i wywiad z marynarzem. Uczestniczy\u0142y w wycieczce do Mobilnego Planetarium \u201eSyriusz\u201d, gdzie pozna\u0142y gwiazdy. Odby\u0142y spacer do Rezerwatu Przyrody \u201eMewia \u0141acha\u201d, zobaczy\u0142y wystaw\u0119 \u201eZwierz\u0119ta egzotyczne\u201d. W czasie ca\u0142ego turnusu odbywa\u0142y si\u0119 gry, zabawy, olimpiady sportowe, dyskoteki i wiele innych atrakcji.<\/p>\n<p><a href=\"http:\/\/caritas.elblag.pl\/wp-content\/uploads\/2019\/08\/6.Wizyta-Stra\u017cy-Po\u017carnej.jpg\"><img loading=\"lazy\" decoding=\"async\" class=\"wp-image-869 aligncenter\" src=\"http:\/\/caritas.elblag.pl\/wp-content\/uploads\/2019\/08\/6.Wizyta-Stra\u017cy-Po\u017carnej.jpg\" alt=\"\" width=\"415\" height=\"445\" \/><\/a><\/p>\n<p><a href=\"http:\/\/caritas.elblag.pl\/wp-content\/uploads\/2019\/08\/2.Zwiedzanie-wystawy.jpg\"><img loading=\"lazy\" decoding=\"async\" class=\"wp-image-871 aligncenter\" src=\"http:\/\/caritas.elblag.pl\/wp-content\/uploads\/2019\/08\/2.Zwiedzanie-wystawy.jpg\" alt=\"\" width=\"391\" height=\"479\" \/><\/a><\/p>\n<p><a href=\"http:\/\/caritas.elblag.pl\/wp-content\/uploads\/2019\/08\/4.Kierunek-Jarmark-Dominika\u0144ski.jpg\"><img loading=\"lazy\" decoding=\"async\" class=\" wp-image-873 aligncenter\" src=\"http:\/\/caritas.elblag.pl\/wp-content\/uploads\/2019\/08\/4.Kierunek-Jarmark-Dominika\u0144ski.jpg\" alt=\"\" width=\"413\" height=\"583\" \/><\/a><\/p>\n<p><a href=\"http:\/\/caritas.elblag.pl\/wp-content\/uploads\/2019\/08\/5.Wizyta-Stra\u017cy-Po\u017carnej.jpg\"><img loading=\"lazy\" decoding=\"async\" class=\" wp-image-874 aligncenter\" src=\"http:\/\/caritas.elblag.pl\/wp-content\/uploads\/2019\/08\/5.Wizyta-Stra\u017cy-Po\u017carnej.jpg\" alt=\"\" width=\"421\" height=\"645\" \/><\/a><\/p>\n<p style=\"text-align: center;\"><a href=\"http:\/\/caritas.elblag.pl\/wp-content\/uploads\/2019\/08\/3.Msza-\u015bw..jpg\"><img loading=\"lazy\" decoding=\"async\" class=\"wp-image-872 aligncenter\" src=\"http:\/\/caritas.elblag.pl\/wp-content\/uploads\/2019\/08\/3.Msza-\u015bw..jpg\" alt=\"\" width=\"424\" height=\"576\" \/><\/a><\/p>\n<p style=\"text-align: center;\"><a href=\"http:\/\/caritas.elblag.pl\/wp-content\/uploads\/2019\/08\/1.Wsp\u00f3lne-zdj\u0119cie-III-turnusu.jpg\"><img loading=\"lazy\" decoding=\"async\" class=\"size-large wp-image-870 aligncenter\" src=\"http:\/\/caritas.elblag.pl\/wp-content\/uploads\/2019\/08\/1.Wsp\u00f3lne-zdj\u0119cie-III-turnusu-1024x485.jpg\" alt=\"\" width=\"747\" height=\"354\" srcset=\"http:\/\/caritas.elblag.pl\/wp-content\/uploads\/2019\/08\/1.Wsp\u00f3lne-zdj\u0119cie-III-turnusu-1024x485.jpg 1024w, http:\/\/caritas.elblag.pl\/wp-content\/uploads\/2019\/08\/1.Wsp\u00f3lne-zdj\u0119cie-III-turnusu-300x142.jpg 300w, http:\/\/caritas.elblag.pl\/wp-content\/uploads\/2019\/08\/1.Wsp\u00f3lne-zdj\u0119cie-III-turnusu-768x364.jpg 768w, http:\/\/caritas.elblag.pl\/wp-content\/uploads\/2019\/08\/1.Wsp\u00f3lne-zdj\u0119cie-III-turnusu.jpg 1255w\" sizes=\"auto, (max-width: 747px) 100vw, 747px\" \/><\/a><\/p>\n","protected":false},"excerpt":{"rendered":"W okresie 03.08-12.08.2019r. odby\u0142 si\u0119 III turnus kolonii letnich w Caritas Diecezji Elbl\u0105skiej O\u015brodek Kolonijno-Formacyjny w Mikoszewie. G\u0142\u00f3wny cel pobytu dzieci \u2013 to \n<a class=\"moretag\" href=\"http:\/\/caritas.elblag.pl\/?p=866\"> [...]<\/a>","protected":false},"author":1,"featured_media":867,"comment_status":"closed","ping_status":"closed","sticky":false,"template":"","format":"standard","meta":{"_exactmetrics_skip_tracking":false,"_exactmetrics_sitenote_active":false,"_exactmetrics_sitenote_note":"","_exactmetrics_sitenote_category":0,"footnotes":""},"categories":[33,24,35,8,7],"tags":[],"class_list":["post-866","post","type-post","status-publish","format-standard","has-post-thumbnail","hentry","category-dzialalnosc","category-polecane","category-wakacje","category-wolontariat","category-zycie-kosciola"],"_links":{"self":[{"href":"http:\/\/caritas.elblag.pl\/index.php?rest_route=\/wp\/v2\/posts\/866","targetHints":{"allow":["GET"]}}],"collection":[{"href":"http:\/\/caritas.elblag.pl\/index.php?rest_route=\/wp\/v2\/posts"}],"about":[{"href":"http:\/\/caritas.elblag.pl\/index.php?rest_route=\/wp\/v2\/types\/post"}],"author":[{"embeddable":true,"href":"http:\/\/caritas.elblag.pl\/index.php?rest_route=\/wp\/v2\/users\/1"}],"replies":[{"embeddable":true,"href":"http:\/\/caritas.elblag.pl\/index.php?rest_route=%2Fwp%2Fv2%2Fcomments&post=866"}],"version-history":[{"count":2,"href":"http:\/\/caritas.elblag.pl\/index.php?rest_route=\/wp\/v2\/posts\/866\/revisions"}],"predecessor-version":[{"id":875,"href":"http:\/\/caritas.elblag.pl\/index.php?rest_route=\/wp\/v2\/posts\/866\/revisions\/875"}],"wp:featuredmedia":[{"embeddable":true,"href":"http:\/\/caritas.elblag.pl\/index.php?rest_route=\/wp\/v2\/media\/867"}],"wp:attachment":[{"href":"http:\/\/caritas.elblag.pl\/index.php?rest_route=%2Fwp%2Fv2%2Fmedia&parent=866"}],"wp:term":[{"taxonomy":"category","embeddable":true,"href":"http:\/\/caritas.elblag.pl\/index.php?rest_route=%2Fwp%2Fv2%2Fcategories&post=866"},{"taxonomy":"post_tag","embeddable":true,"href":"http:\/\/caritas.elblag.pl\/index.php?rest_route=%2Fwp%2Fv2%2Ftags&post=866"}],"curies":[{"name":"wp","href":"https:\/\/api.w.org\/{rel}","templated":true}]}}