{"id":92,"date":"2015-04-12T19:14:07","date_gmt":"2015-04-12T17:14:07","guid":{"rendered":"http:\/\/caritaselblag.pl\/?p=92"},"modified":"2015-04-27T11:34:47","modified_gmt":"2015-04-27T09:34:47","slug":"71-tydzien-milosierdzia","status":"publish","type":"post","link":"http:\/\/caritas.elblag.pl\/?p=92","title":{"rendered":"71. Tydzie\u0144 Mi\u0142osierdzia"},"content":{"rendered":"<p><em><a href=\"http:\/\/caritaselblag.pl\/wp-content\/uploads\/2015\/04\/Tydzie\u0144-Mi\u0142osiedzia1.jpg\"><img loading=\"lazy\" decoding=\"async\" class=\"  wp-image-94 alignleft\" src=\"http:\/\/caritaselblag.pl\/wp-content\/uploads\/2015\/04\/Tydzie\u0144-Mi\u0142osiedzia1-868x1024.jpg\" alt=\"Tydzie\u0144-Mi\u0142osiedzia\" width=\"205\" height=\"242\" srcset=\"http:\/\/caritas.elblag.pl\/wp-content\/uploads\/2015\/04\/Tydzie\u0144-Mi\u0142osiedzia1-868x1024.jpg 868w, http:\/\/caritas.elblag.pl\/wp-content\/uploads\/2015\/04\/Tydzie\u0144-Mi\u0142osiedzia1-254x300.jpg 254w, http:\/\/caritas.elblag.pl\/wp-content\/uploads\/2015\/04\/Tydzie\u0144-Mi\u0142osiedzia1.jpg 1194w\" sizes=\"auto, (max-width: 205px) 100vw, 205px\" \/><\/a><\/em><strong>Niedziela Mi\u0142osierdzia to patronalne \u015awi\u0119to Caritas. <\/strong><\/p>\n<p><strong>\u201eCaritas dla rodziny\u201d \u2013 pod takim has\u0142em b\u0119dzie przebiega\u0107 rozpoczynaj\u0105cy si\u0119 dzi\u015b 71. Tydzie\u0144 Mi\u0142osierdzia.<br \/>\n<\/strong><!--more--><\/p>\n<p><strong>Przygotowuje go Komisja Charytatywna Episkopatu Polski, w kt\u00f3rej prace w\u0142\u0105cza si\u0119 Caritas Polska. Niedziela Mi\u0142osierdzia jest patronalnym \u015bwi\u0119tem Caritas.<\/strong><\/p>\n<p><em>Naturalnym \u015brodowiskiem wzrostu cz\u0142owieka jest rodzina, gdzie mi\u0142o\u015b\u0107, czyli Caritas pe\u0142ni zasadnicz\u0105 rol\u0119. Ta mi\u0142o\u015b\u0107 buduj\u0105ca rodzin\u0119 znajduje si\u0119 w samym centrum cywilizacji mi\u0142o\u015bci. Jednocze\u015bnie wi\u0119kszo\u015b\u0107 dzie\u0142 Caritas w Polsce stanowi pomoc dla cz\u0142onk\u00f3w rodziny lub ca\u0142ych rodzin <\/em>\u2013 m\u00f3wi ksi\u0105dz Marek Dec, zast\u0119pca dyrektora Caritas Polska.<\/p>\n<p>Obchody Tygodnia Mi\u0142osierdzia odbywaj\u0105 si\u0119 przede wszystkim w diecezjach. Zazwyczaj przewodniczy im biskup diecezjalny, organizuj\u0105 je Caritas Diecezjalne. Jest to zawsze okazja do radosnego i \u015bwi\u0105tecznego spotkania tych, kt\u00f3rzy na co dzie\u0144 oddaj\u0105 si\u0119 pracy charytatywnej, nios\u0105c pomoc bli\u017anim. Chodzi tu przede wszystkim o wolontariuszy zw\u0142aszcza ze Szkolnych K\u00f3\u0142 Caritas i Parafialnych Zespo\u0142\u00f3w Caritas.<\/p>\n<p>Kolejny Tydzie\u0144 Mi\u0142osierdzia jest okazj\u0105 do wsparcia polskich rodzin przez wsp\u00f3lnoty parafialne modlitw\u0105, mi\u0142o\u015bci\u0105 i pomoc\u0105 mi\u0142osiernego serca \u2014 t\u0142umaczy prof. ks. dr hab. Wies\u0142aw Przygoda, konsultor Komisji Charytatywnej KEP.<\/p>\n<p>To tak\u017ce \u015bwi\u0119to wszystkich, kt\u00f3rzy czuj\u0105 si\u0119 wewn\u0119trznie wezwani do tego, \u017ceby na\u015bladowa\u0107 Chrystusa, jako Dobrego Samarytanina i dla samej Caritas okazja do wyra\u017cenia wdzi\u0119czno\u015bci wszystkim ofiarodawcom.<br \/>\nW roku 25-lecia Caritas w Polsce, b\u0119d\u0105cego Rokiem Caritas, Tydzie\u0144 Mi\u0142osierdzia prze\u017cywany jest w spos\u00f3b szczeg\u00f3lny. Niekt\u00f3re Caritas diecezjalne w tym czasie obchodz\u0105 swoje patronalne jubileusze.<\/p>\n<p>Co roku w Tygodniu Mi\u0142osierdzia w sanktuarium Bo\u017cego Mi\u0142osierdzia w Krakowie-\u0141agiewnikach ma miejsce og\u00f3lnopolskie spotkanie wolontariuszy Caritas w Polsce. W tym roku spotkanie to odb\u0119dzie si\u0119 18 kwietnia. Uroczyst\u0105 Msz\u0119 \u015bwi\u0119t\u0105 odprawi kard. Stanis\u0142aw Dziwisz, w koncelebrze udzia\u0142 wezm\u0105 dyrektorzy Caritas diecezjalnych w Polsce i Caritas Polska. Po mszy odb\u0119dzie si\u0119 spotkanie wolontariuszy po\u0142\u0105czone z koncertem, \u015bwiadectwami wolontariuszy i integracj\u0105.<\/p>\n<p>Kondycja ekonomiczno-spo\u0142eczna rodzin w Polsce jest zr\u00f3\u017cnicowana. Niew\u0105tpliwie istnieje sporo rodzin dobrze sytuowanych oraz \u015brednio zamo\u017cnych. Najwi\u0119ksz\u0105 grup\u0119 stanowi\u0105 rodziny, kt\u00f3re zaspokajaj\u0105 swoje podstawowe potrzeby na zadowalaj\u0105cym poziomie i nie cierpi\u0105 biedy.<\/p>\n<p>Jak jednak wskazuje raport G\u0142\u00f3wnego Urz\u0119du Statystycznego \u201eWarunki \u017cycia rodzin w Polsce\u201d z 2014 r., w naszym kraju s\u0105 r\u00f3wnie\u017c rodziny, kt\u00f3re cierpi\u0105 bied\u0119 i nie s\u0105 w stanie zabezpieczy\u0107 podstawowych potrzeb swoim cz\u0142onkom, co szczeg\u00f3lnie bole\u015bnie odczuwaj\u0105 dzieci. Rodziny te, bez wzgl\u0119du na przyczyny swego ub\u00f3stwa, stanowi\u0105 du\u017ce wyzwanie dla s\u0142u\u017cb socjalnych pa\u0144stwa, ale tak\u017ce dla instytucji charytatywnych Ko\u015bcio\u0142a, kt\u00f3ry obok potrzeb materialnych, psychicznych i spo\u0142ecznych stara si\u0119 dostrzega\u0107 i wychodzi\u0107 naprzeciw tak\u017ce potrzebom duchowym cz\u0142onk\u00f3w tych rodzin<br \/>\n\u2014 podkre\u015bla ks. Przygoda.<\/p>\n<p>Duchowny zaznacza, \u017ce Ko\u015bci\u00f3\u0142 w Polsce podejmuje kompleksowe dzia\u0142ania w dialogu z w\u0142adzami rz\u0105dowymi i samorz\u0105dowymi, maj\u0105cymi na celu dobro ma\u0142\u017conk\u00f3w i rodzin.<\/p>\n<p>Szczeg\u00f3ln\u0105 rol\u0119 w tym zakresie spe\u0142nia na szczeblu krajowym Rada do spraw Rodziny Konferencji Episkopatu Polski oraz Krajowy O\u015brodek Duszpasterstwa Rodzin, a w diecezjach wydzia\u0142y duszpasterstwa rodzin i diecezjalni duszpasterze rodzin. Bezcenn\u0105, chocia\u017c niekiedy niedocenian\u0105 nale\u017cycie pomoc \u015bwiadcz\u0105 rodzinom w sytuacjach trudnych parafialne i specjalistyczne poradnie rodzinne oraz telefony zaufania. Do najcz\u0119\u015bciej realizowanych form pomocy charytatywnej ubogim dzieciom w polskich parafiach nale\u017c\u0105: bezp\u0142atne kolonie, paczki \u017cywno\u015bciowe, wykupienie obiad\u00f3w w sto\u0142\u00f3wce szkolnej oraz bezp\u0142atny wypoczynek w okresie wakacji i ferii. Znacz\u0105cym wsparciem dla dzieci jest tak\u017ce program \u015bwietlic \u015brodowiskowych \u2013 tworzonych przez zakony, Caritas diecezjalne, a tak\u017ce parafie i stowarzyszenia.<\/p>\n<p>Pos\u0142uga charytatywna Ko\u015bcio\u0142a na rzecz rodzin polega m.in. na promocji \u017cycia oraz wspieraniu ubogich rodzic\u00f3w spodziewaj\u0105cych si\u0119 dziecka. Przejawem zorganizowanej dzia\u0142alno\u015bci opieku\u0144czej Ko\u015bcio\u0142a w Polsce, maj\u0105cej na celu ochron\u0119 macierzy\u0144stwa i rodziny, s\u0105 domy samotnej matki, domy dla matek z dzie\u0107mi oraz domy dziecka.<br \/>\nCelem Tygodnia Mi\u0142osierdzia jest przede wszystkim formacja \u2013 budzenie wra\u017cliwo\u015bci na potrzeby bli\u017anich: chorych, samotnych, bezrobotnych, bezdomnych i prze\u015bladowanych.<\/p>\n<p>Od 2013 r. Tydzie\u0144 Mi\u0142osierdzia rozpoczyna si\u0119 w polskim Ko\u015bciele w Niedziel\u0119 Bo\u017cego Mi\u0142osierdzia i trwa przez kolejne dni. Wcze\u015bniej obchodzony by\u0142 on w pierwszym tygodniu pa\u017adziernika. Historia obchod\u00f3w Tygodnia Mi\u0142osierdzia rozpocz\u0119\u0142a si\u0119 23 lutego 1937 r., kiedy podj\u0119to decyzj\u0119 o zorganizowaniu Dni Mi\u0142osierdzia. (<a href=\"http:\/\/wpolityce.pl\/kosciol\/240592-caritas-dla-rodziny-rozpoczal-sie-71-tydzien-milosierdzia\">http:\/\/wpolityce.pl\/kosciol\/240592-caritas-dla-rodziny-rozpoczal-sie-71-tydzien-milosierdzia<\/a>)<\/p>\n<p><iframe loading=\"lazy\" width=\"747\" height=\"420\" src=\"https:\/\/www.youtube.com\/embed\/SFABPfouvZo?feature=oembed\" frameborder=\"0\" allowfullscreen><\/iframe><\/p>\n","protected":false},"excerpt":{"rendered":"Niedziela Mi\u0142osierdzia to patronalne \u015awi\u0119to Caritas. \u201eCaritas dla rodziny\u201d \u2013 pod takim has\u0142em b\u0119dzie przebiega\u0107 rozpoczynaj\u0105cy si\u0119 dzi\u015b 71. Tydzie\u0144 Mi\u0142osierdzia.\n<a class=\"moretag\" href=\"http:\/\/caritas.elblag.pl\/?p=92\"> [...]<\/a>","protected":false},"author":1,"featured_media":230,"comment_status":"closed","ping_status":"closed","sticky":false,"template":"","format":"standard","meta":{"_exactmetrics_skip_tracking":false,"_exactmetrics_sitenote_active":false,"_exactmetrics_sitenote_note":"","_exactmetrics_sitenote_category":0,"footnotes":""},"categories":[6],"tags":[],"class_list":["post-92","post","type-post","status-publish","format-standard","has-post-thumbnail","hentry","category-aktualnosci"],"_links":{"self":[{"href":"http:\/\/caritas.elblag.pl\/index.php?rest_route=\/wp\/v2\/posts\/92","targetHints":{"allow":["GET"]}}],"collection":[{"href":"http:\/\/caritas.elblag.pl\/index.php?rest_route=\/wp\/v2\/posts"}],"about":[{"href":"http:\/\/caritas.elblag.pl\/index.php?rest_route=\/wp\/v2\/types\/post"}],"author":[{"embeddable":true,"href":"http:\/\/caritas.elblag.pl\/index.php?rest_route=\/wp\/v2\/users\/1"}],"replies":[{"embeddable":true,"href":"http:\/\/caritas.elblag.pl\/index.php?rest_route=%2Fwp%2Fv2%2Fcomments&post=92"}],"version-history":[{"count":2,"href":"http:\/\/caritas.elblag.pl\/index.php?rest_route=\/wp\/v2\/posts\/92\/revisions"}],"predecessor-version":[{"id":97,"href":"http:\/\/caritas.elblag.pl\/index.php?rest_route=\/wp\/v2\/posts\/92\/revisions\/97"}],"wp:featuredmedia":[{"embeddable":true,"href":"http:\/\/caritas.elblag.pl\/index.php?rest_route=\/wp\/v2\/media\/230"}],"wp:attachment":[{"href":"http:\/\/caritas.elblag.pl\/index.php?rest_route=%2Fwp%2Fv2%2Fmedia&parent=92"}],"wp:term":[{"taxonomy":"category","embeddable":true,"href":"http:\/\/caritas.elblag.pl\/index.php?rest_route=%2Fwp%2Fv2%2Fcategories&post=92"},{"taxonomy":"post_tag","embeddable":true,"href":"http:\/\/caritas.elblag.pl\/index.php?rest_route=%2Fwp%2Fv2%2Ftags&post=92"}],"curies":[{"name":"wp","href":"https:\/\/api.w.org\/{rel}","templated":true}]}}